{"id":1493,"date":"2025-02-26T14:18:23","date_gmt":"2025-02-26T19:18:23","guid":{"rendered":"https:\/\/www.texasabacenters.com\/?p=1493"},"modified":"2025-05-22T11:34:14","modified_gmt":"2025-05-22T15:34:14","slug":"sobrediagnostico-del-autismo","status":"publish","type":"post","link":"https:\/\/www.texasabacenters.com\/es\/blog\/sobrediagnostico-del-autismo\/","title":{"rendered":"Sobrediagn\u00f3stico del Autismo: \u00bfA Qu\u00e9 se Debe este Aumento?"},"content":{"rendered":"<div data-elementor-type=\"wp-post\" data-elementor-id=\"1493\" class=\"elementor elementor-1493\" data-elementor-post-type=\"post\">\n\t\t\t\t\t\t<section class=\"elementor-section elementor-top-section elementor-element elementor-element-5784661 elementor-section-boxed elementor-section-height-default elementor-section-height-default\" data-id=\"5784661\" data-element_type=\"section\">\n\t\t\t\t\t\t<div class=\"elementor-container elementor-column-gap-default\">\n\t\t\t\t\t<div class=\"elementor-column elementor-col-100 elementor-top-column elementor-element elementor-element-6ef26e8\" data-id=\"6ef26e8\" data-element_type=\"column\">\n\t\t\t<div class=\"elementor-widget-wrap elementor-element-populated\">\n\t\t\t\t\t\t<div class=\"elementor-element elementor-element-d2359fe elementor-toc--minimized-on-tablet elementor-widget elementor-widget-table-of-contents\" data-id=\"d2359fe\" data-element_type=\"widget\" data-settings=\"{&quot;headings_by_tags&quot;:[&quot;h2&quot;],&quot;exclude_headings_by_selector&quot;:[],&quot;no_headings_message&quot;:&quot;No headings were found on this page.&quot;,&quot;marker_view&quot;:&quot;numbers&quot;,&quot;minimize_box&quot;:&quot;yes&quot;,&quot;minimized_on&quot;:&quot;tablet&quot;,&quot;hierarchical_view&quot;:&quot;yes&quot;,&quot;min_height&quot;:{&quot;unit&quot;:&quot;px&quot;,&quot;size&quot;:&quot;&quot;,&quot;sizes&quot;:[]},&quot;min_height_tablet&quot;:{&quot;unit&quot;:&quot;px&quot;,&quot;size&quot;:&quot;&quot;,&quot;sizes&quot;:[]},&quot;min_height_mobile&quot;:{&quot;unit&quot;:&quot;px&quot;,&quot;size&quot;:&quot;&quot;,&quot;sizes&quot;:[]}}\" data-widget_type=\"table-of-contents.default\">\n\t\t\t\t<div class=\"elementor-widget-container\">\n\t\t\t\t\t\t\t<div class=\"elementor-toc__header\">\n\t\t\t<h4 class=\"elementor-toc__header-title\">\n\t\t\t\tTabla de contenidos\t\t\t<\/h4>\n\t\t\t\t\t\t\t<div class=\"elementor-toc__toggle-button elementor-toc__toggle-button--expand\" role=\"button\" tabindex=\"0\" aria-controls=\"elementor-toc__d2359fe\" aria-expanded=\"true\" aria-label=\"Open table of contents\"><i aria-hidden=\"true\" class=\"fas fa-chevron-down\"><\/i><\/div>\n\t\t\t\t<div class=\"elementor-toc__toggle-button elementor-toc__toggle-button--collapse\" role=\"button\" tabindex=\"0\" aria-controls=\"elementor-toc__d2359fe\" aria-expanded=\"true\" aria-label=\"Close table of contents\"><i aria-hidden=\"true\" class=\"fas fa-chevron-up\"><\/i><\/div>\n\t\t\t\t\t<\/div>\n\t\t<div id=\"elementor-toc__d2359fe\" class=\"elementor-toc__body\">\n\t\t\t<div class=\"elementor-toc__spinner-container\">\n\t\t\t\t<i class=\"elementor-toc__spinner eicon-animation-spin eicon-loading\" aria-hidden=\"true\"><\/i>\t\t\t<\/div>\n\t\t<\/div>\n\t\t\t\t\t\t<\/div>\n\t\t\t\t<\/div>\n\t\t\t\t<div class=\"elementor-element elementor-element-f1e8491 elementor-widget elementor-widget-text-editor\" data-id=\"f1e8491\" data-element_type=\"widget\" data-widget_type=\"text-editor.default\">\n\t\t\t\t<div class=\"elementor-widget-container\">\n\t\t\t\t\t\t\t\t\t<h2><span data-contrast=\"none\">\u00bfPor qu\u00e9 est\u00e1n aumentando los diagn\u00f3sticos de autismo?\u00a0<\/span><span data-ccp-props=\"{&quot;134233117&quot;:false,&quot;134233118&quot;:false,&quot;335551550&quot;:0,&quot;335551620&quot;:0,&quot;335559738&quot;:0,&quot;335559739&quot;:0}\">\u00a0<\/span><\/h2><p><span data-contrast=\"none\">En los \u00faltimos a\u00f1os, hemos sido testigos de un aumento notable en los diagn\u00f3sticos de autismo. Familias enteras se enfrentan a esta realidad, <\/span><a href=\"https:\/\/www.texasabacenters.com\/es\/blog\/las-10-preguntas-mas-frecuentes-de-los-padres\/\" target=\"_blank\" rel=\"noopener\"><b><span data-contrast=\"none\">buscando respuestas<\/span><\/b><\/a><span data-contrast=\"none\"> y apoyo en un mar de informaci\u00f3n a veces contradictoria. Como sociedad, debemos abordar el sobrediagn\u00f3stico de autismo con empat\u00eda y comprensi\u00f3n, reconociendo las complejidades que rodean a este trastorno y su diagn\u00f3stico.\u00a0<\/span><span data-ccp-props=\"{&quot;134233117&quot;:false,&quot;134233118&quot;:false,&quot;335551550&quot;:0,&quot;335551620&quot;:0,&quot;335559738&quot;:0,&quot;335559739&quot;:0}\">\u00a0<\/span><\/p><p><span data-contrast=\"none\">El trastorno del espectro autista (TEA) es un trastorno del neurodesarrollo que influye en la comunicaci\u00f3n y el comportamiento. Sin embargo, con el aumento de los diagn\u00f3sticos, surge una pregunta crucial: \"\u00bfPor qu\u00e9 aumentan los diagn\u00f3sticos de autismo?\" El aumento de los diagn\u00f3sticos no es solo una cuesti\u00f3n de estad\u00edsticas, es un reflejo de los cambios en las normas sociales, la mejora de los esfuerzos de detecci\u00f3n, la evoluci\u00f3n de los criterios m\u00e9dicos, una mayor concienciaci\u00f3n y, en algunos casos, un sobrediagn\u00f3stico de autismo.\u00a0<\/span><span data-ccp-props=\"{&quot;134233117&quot;:false,&quot;134233118&quot;:false,&quot;335551550&quot;:0,&quot;335551620&quot;:0,&quot;335559738&quot;:0,&quot;335559739&quot;:0}\">\u00a0<\/span><\/p><p><span data-contrast=\"none\">Hoy en d\u00eda, aproximadamente 1 de cada 36 ni\u00f1os en los Estados Unidos es diagnosticado con TEA, un cambio dram\u00e1tico con respecto a 1 de cada 150 hace solo unas d\u00e9cadas. \u00a0<\/span><span data-ccp-props=\"{&quot;134233117&quot;:false,&quot;134233118&quot;:false,&quot;335551550&quot;:0,&quot;335551620&quot;:0,&quot;335559738&quot;:0,&quot;335559739&quot;:0}\">\u00a0<\/span><\/p><p><span data-contrast=\"none\">Es vital explorar los factores que contribuyen a este aumento y c\u00f3mo podemos garantizar diagn\u00f3sticos precisos y responsables para abordar este fen\u00f3meno.\u00a0<\/span><span data-ccp-props=\"{&quot;134233117&quot;:false,&quot;134233118&quot;:false,&quot;335551550&quot;:0,&quot;335551620&quot;:0,&quot;335559738&quot;:0,&quot;335559739&quot;:0}\">\u00a0<\/span><\/p><p><span data-contrast=\"none\">Este art\u00edculo de <\/span><a href=\"https:\/\/www.texasabacenters.com\/es\/\" target=\"_blank\" rel=\"noopener\"><b><span data-contrast=\"none\">Texas ABA Centers<\/span><\/b><\/a><span data-contrast=\"none\"> explorar\u00e1 los factores clave que impulsan este aumento, desacreditar\u00e1 conceptos err\u00f3neos comunes y proporcionar\u00e1 claridad sobre lo que esta tendencia significa tanto para las familias como para los profesionales.\u00a0<\/span><span data-ccp-props=\"{&quot;134233117&quot;:false,&quot;134233118&quot;:false,&quot;335551550&quot;:0,&quot;335551620&quot;:0,&quot;335559738&quot;:0,&quot;335559739&quot;:0}\">\u00a0<\/span><\/p><h2><span class=\"TextRun SCXW234459167 BCX0\" lang=\"EN-US\" xml:lang=\"EN-US\" data-contrast=\"none\"><span class=\"NormalTextRun SCXW234459167 BCX0\">\u00bfQu\u00e9 es el TEA y Por Qu\u00e9 es Sobrediagnosticado? <\/span><span class=\"NormalTextRun SpellingErrorV2Themed SCXW234459167 BCX0\">Over<\/span><span class=\"NormalTextRun SpellingErrorV2Themed SCXW234459167 BCX0\">dia<\/span><span class=\"NormalTextRun SpellingErrorV2Themed SCXW234459167 BCX0\">gnosed<\/span><span class=\"NormalTextRun SCXW234459167 BCX0\">?<\/span><\/span><span class=\"TextRun SCXW234459167 BCX0\" lang=\"EN-US\" xml:lang=\"EN-US\" data-contrast=\"none\"><span class=\"NormalTextRun SCXW234459167 BCX0\">\u00a0<\/span><\/span><span class=\"EOP SCXW234459167 BCX0\" data-ccp-props=\"{&quot;134233117&quot;:false,&quot;134233118&quot;:false,&quot;335551550&quot;:0,&quot;335551620&quot;:0,&quot;335559738&quot;:0,&quot;335559739&quot;:0}\">\u00a0<\/span><\/h2>\t\t\t\t\t\t\t\t<\/div>\n\t\t\t\t<\/div>\n\t\t\t\t\t<\/div>\n\t\t<\/div>\n\t\t\t\t\t<\/div>\n\t\t<\/section>\n\t\t\t\t<section class=\"elementor-section elementor-top-section elementor-element elementor-element-27796ee elementor-section-boxed elementor-section-height-default elementor-section-height-default\" data-id=\"27796ee\" data-element_type=\"section\">\n\t\t\t\t\t\t<div class=\"elementor-container elementor-column-gap-default\">\n\t\t\t\t\t<div class=\"elementor-column elementor-col-50 elementor-top-column elementor-element elementor-element-3e13a2c\" data-id=\"3e13a2c\" data-element_type=\"column\">\n\t\t\t<div class=\"elementor-widget-wrap elementor-element-populated\">\n\t\t\t\t\t\t<div class=\"elementor-element elementor-element-50d8768 elementor-widget elementor-widget-text-editor\" data-id=\"50d8768\" data-element_type=\"widget\" data-widget_type=\"text-editor.default\">\n\t\t\t\t<div class=\"elementor-widget-container\">\n\t\t\t\t\t\t\t\t\t<p><span data-contrast=\"none\">El autismo se manifiesta en una amplia gama de comportamientos y habilidades. Las personas con autismo pueden experimentar desaf\u00edos en la comunicaci\u00f3n social, patrones de comportamiento repetitivos y una gama limitada de intereses. Algunas personas en el espectro pueden requerir un apoyo sustancial, mientras que otras viven de forma independiente y prosperan en sus entornos.\u00a0<\/span><span data-ccp-props=\"{&quot;134233117&quot;:false,&quot;134233118&quot;:false,&quot;335551550&quot;:0,&quot;335551620&quot;:0,&quot;335559738&quot;:0,&quot;335559739&quot;:0}\">\u00a0<\/span><\/p><p><span data-ccp-props=\"{&quot;134233117&quot;:false,&quot;134233118&quot;:false,&quot;335551550&quot;:0,&quot;335551620&quot;:0,&quot;335559738&quot;:0,&quot;335559739&quot;:0}\">\u00a0<\/span><\/p>\t\t\t\t\t\t\t\t<\/div>\n\t\t\t\t<\/div>\n\t\t\t\t\t<\/div>\n\t\t<\/div>\n\t\t\t\t<div class=\"elementor-column elementor-col-50 elementor-top-column elementor-element elementor-element-d234296\" data-id=\"d234296\" data-element_type=\"column\">\n\t\t\t<div class=\"elementor-widget-wrap elementor-element-populated\">\n\t\t\t\t\t\t<div class=\"elementor-element elementor-element-dd9558f elementor-widget elementor-widget-image\" data-id=\"dd9558f\" data-element_type=\"widget\" data-widget_type=\"image.default\">\n\t\t\t\t<div class=\"elementor-widget-container\">\n\t\t\t\t\t\t\t\t\t\t\t\t\t\t\t<img fetchpriority=\"high\" decoding=\"async\" width=\"1024\" height=\"1024\" src=\"https:\/\/www.texasabacenters.com\/wp-content\/uploads\/What-is-ASD-and-Why-is-it-Overdiagnosed-.jpg\" class=\"attachment-large size-large wp-image-1495\" alt=\"\" srcset=\"https:\/\/www.texasabacenters.com\/wp-content\/uploads\/What-is-ASD-and-Why-is-it-Overdiagnosed-.jpg 1024w, https:\/\/www.texasabacenters.com\/wp-content\/uploads\/What-is-ASD-and-Why-is-it-Overdiagnosed--300x300.jpg 300w, https:\/\/www.texasabacenters.com\/wp-content\/uploads\/What-is-ASD-and-Why-is-it-Overdiagnosed--150x150.jpg 150w, https:\/\/www.texasabacenters.com\/wp-content\/uploads\/What-is-ASD-and-Why-is-it-Overdiagnosed--768x768.jpg 768w, https:\/\/www.texasabacenters.com\/wp-content\/uploads\/What-is-ASD-and-Why-is-it-Overdiagnosed--12x12.jpg 12w\" sizes=\"(max-width: 1024px) 100vw, 1024px\" title=\"\">\t\t\t\t\t\t\t\t\t\t\t\t\t\t\t<\/div>\n\t\t\t\t<\/div>\n\t\t\t\t\t<\/div>\n\t\t<\/div>\n\t\t\t\t\t<\/div>\n\t\t<\/section>\n\t\t\t\t<section class=\"elementor-section elementor-top-section elementor-element elementor-element-ad77449 elementor-section-boxed elementor-section-height-default elementor-section-height-default\" data-id=\"ad77449\" data-element_type=\"section\">\n\t\t\t\t\t\t<div class=\"elementor-container elementor-column-gap-default\">\n\t\t\t\t\t<div class=\"elementor-column elementor-col-100 elementor-top-column elementor-element elementor-element-95e7621\" data-id=\"95e7621\" data-element_type=\"column\">\n\t\t\t<div class=\"elementor-widget-wrap elementor-element-populated\">\n\t\t\t\t\t\t<div class=\"elementor-element elementor-element-d866f46 elementor-widget elementor-widget-text-editor\" data-id=\"d866f46\" data-element_type=\"widget\" data-widget_type=\"text-editor.default\">\n\t\t\t\t<div class=\"elementor-widget-container\">\n\t\t\t\t\t\t\t\t\t<p><span data-contrast=\"none\">Si bien no hay una causa exacta del autismo, las investigaciones sugieren dos causas principales: la gen\u00e9tica y los factores ambientales. Sin embargo, la complejidad del autismo significa que no hay dos personas que lo experimenten de la misma manera, lo que hace que el diagn\u00f3stico y el apoyo sean muy diversos.\u00a0<\/span><span data-ccp-props=\"{&quot;134233117&quot;:false,&quot;134233118&quot;:false,&quot;335551550&quot;:0,&quot;335551620&quot;:0,&quot;335559738&quot;:0,&quot;335559739&quot;:0}\">\u00a0<\/span><\/p><p><span data-contrast=\"none\">El sobrediagn\u00f3stico de autismo ocurre cuando las personas reciben un diagn\u00f3stico de TEA sin cumplir completamente con los criterios de diagn\u00f3stico establecidos. El sobrediagn\u00f3stico del autismo puede ser el resultado de interpretaciones err\u00f3neas de los comportamientos o de una aplicaci\u00f3n demasiado amplia de los criterios diagn\u00f3sticos.\u00a0<\/span><span data-ccp-props=\"{&quot;134233117&quot;:false,&quot;134233118&quot;:false,&quot;335551550&quot;:0,&quot;335551620&quot;:0,&quot;335559738&quot;:0,&quot;335559739&quot;:0}\">\u00a0<\/span><\/p><h2>La Creciente Prevalencia del Autismo\u00a0<span data-ccp-props=\"{&quot;134233117&quot;:false,&quot;134233118&quot;:false,&quot;335551550&quot;:0,&quot;335551620&quot;:0,&quot;335559738&quot;:0,&quot;335559739&quot;:0}\">\u00a0<\/span><\/h2><p><span data-contrast=\"none\">Los n\u00fameros son sorprendentes. Seg\u00fan los <\/span><a href=\"https:\/\/www.cdc.gov\/media\/releases\/2023\/p0323-autism.html\" target=\"_blank\" rel=\"noopener\"><b><span data-contrast=\"none\">CDC<\/span><\/b><\/a><span data-contrast=\"none\">tasas de prevalencia del autismo han aumentado significativamente en las \u00faltimas dos d\u00e9cadas:\u00a0<\/span><span data-ccp-props=\"{&quot;134233117&quot;:false,&quot;134233118&quot;:false,&quot;335551550&quot;:0,&quot;335551620&quot;:0,&quot;335559738&quot;:0,&quot;335559739&quot;:0}\">\u00a0<\/span><\/p><ul><li><span data-contrast=\"none\">2002: 1 de cada 150 ni\u00f1os fue diagnosticado con TEA \u00a0<\/span><span data-ccp-props=\"{&quot;134233117&quot;:false,&quot;134233118&quot;:false,&quot;335551550&quot;:0,&quot;335551620&quot;:0,&quot;335559738&quot;:0,&quot;335559739&quot;:0}\">\u00a0<\/span><\/li><li><span data-contrast=\"none\">2020: La tasa salt\u00f3 a 1 de cada 36<\/span><\/li><\/ul><p><span data-contrast=\"none\">Este crecimiento ha provocado conversaciones sobre si el autismo se est\u00e1 volviendo m\u00e1s com\u00fan, si hay factores sociales o ambientales en juego, o si el aumento est\u00e1 ocurriendo por otras razones, como el sobrediagn\u00f3stico o el sesgo diagn\u00f3stico negativo.\u00a0<\/span><span data-ccp-props=\"{&quot;134233117&quot;:false,&quot;134233118&quot;:false,&quot;335551550&quot;:0,&quot;335551620&quot;:0,&quot;335559738&quot;:0,&quot;335559739&quot;:0}\">\u00a0<\/span><\/p><p><span data-contrast=\"none\">Aunque este tema es complejo, lo que s\u00ed sabemos es que m\u00faltiples factores interconectados han impulsado el aumento. \u00a0<\/span><span data-ccp-props=\"{&quot;134233117&quot;:false,&quot;134233118&quot;:false,&quot;335551550&quot;:0,&quot;335551620&quot;:0,&quot;335559738&quot;:0,&quot;335559739&quot;:0}\">\u00a0<\/span><\/p><h2>Factores que Contribuyen al Sobrediagn\u00f3stico del Autismo\u00a0\u00a0<\/h2><h3>1. Mejora de los Programas de Concientizaci\u00f3n y Detecci\u00f3n<\/h3><p><span data-contrast=\"none\">Quiz\u00e1s el factor m\u00e1s significativo son los saltos en la conciencia y la educaci\u00f3n en torno al autismo. Las escuelas, los proveedores de atenci\u00f3n m\u00e9dica y los padres ahora est\u00e1n mejor equipados para reconocer los s\u00edntomas del autismo desde el principio. \u00a0<\/span><span data-ccp-props=\"{&quot;134233117&quot;:false,&quot;134233118&quot;:false,&quot;335551550&quot;:0,&quot;335551620&quot;:0,&quot;335559738&quot;:0,&quot;335559739&quot;:0}\">\u00a0<\/span><\/p>\t\t\t\t\t\t\t\t<\/div>\n\t\t\t\t<\/div>\n\t\t\t\t\t<\/div>\n\t\t<\/div>\n\t\t\t\t\t<\/div>\n\t\t<\/section>\n\t\t\t\t<section class=\"elementor-section elementor-top-section elementor-element elementor-element-e9cf954 elementor-section-boxed elementor-section-height-default elementor-section-height-default\" data-id=\"e9cf954\" data-element_type=\"section\">\n\t\t\t\t\t\t<div class=\"elementor-container elementor-column-gap-default\">\n\t\t\t\t\t<div class=\"elementor-column elementor-col-50 elementor-top-column elementor-element elementor-element-93d6865\" data-id=\"93d6865\" data-element_type=\"column\">\n\t\t\t<div class=\"elementor-widget-wrap elementor-element-populated\">\n\t\t\t\t\t\t<div class=\"elementor-element elementor-element-c219f1b elementor-widget elementor-widget-text-editor\" data-id=\"c219f1b\" data-element_type=\"widget\" data-widget_type=\"text-editor.default\">\n\t\t\t\t<div class=\"elementor-widget-container\">\n\t\t\t\t\t\t\t\t\t<span class=\"TextRun SCXW178035958 BCX0\" lang=\"EN-US\" xml:lang=\"EN-US\" data-contrast=\"none\"><span class=\"NormalTextRun SCXW178035958 BCX0\">Las herramientas de detecci\u00f3n como la <\/span><\/span><strong><a class=\"Hyperlink SCXW178035958 BCX0\" href=\"https:\/\/www.mchatscreen.com\/\" target=\"_blank\" rel=\"noopener\"><span class=\"TextRun Underlined SCXW178035958 BCX0\" lang=\"EN-US\" xml:lang=\"EN-US\" data-contrast=\"none\"><span class=\"NormalTextRun SCXW178035958 BCX0\" data-ccp-charstyle=\"Hyperlink\">Lista de verificaci\u00f3n Modificada para Autismo en ni\u00f1os Peque\u00f1os<\/span><\/span><\/a><\/strong><span class=\"TextRun SCXW178035958 BCX0\" lang=\"EN-US\" xml:lang=\"EN-US\" data-contrast=\"none\"><span class=\"NormalTextRun SCXW178035958 BCX0\"> (M-CHAT) y el <\/span><\/span><strong><a class=\"Hyperlink SCXW178035958 BCX0\" href=\"https:\/\/www.texasabacenters.com\/es\/blog\/evaluacion-del-autismo-una-guia-integral-sobre-la-prueba-ados-2\/\" target=\"_blank\" rel=\"noopener\"><span class=\"TextRun Underlined SCXW178035958 BCX0\" lang=\"EN-US\" xml:lang=\"EN-US\" data-contrast=\"none\"><span class=\"NormalTextRun SCXW178035958 BCX0\" data-ccp-charstyle=\"Hyperlink\">Programa de Observaci\u00f3n Diagn\u00f3stica del Autismo, Segunda Edici\u00f3n<\/span><\/span><\/a><\/strong><span class=\"TextRun SCXW178035958 BCX0\" lang=\"EN-US\" xml:lang=\"EN-US\" data-contrast=\"none\"><span class=\"NormalTextRun SCXW178035958 BCX0\"> (<\/span><span class=\"NormalTextRun SCXW178035958 BCX0\">ADOS<\/span><span class=\"NormalTextRun SCXW178035958 BCX0\">(ADOS-2) permiten la identificaci\u00f3n sistem\u00e1tica durante los a\u00f1os de desarrollo en los ni\u00f1os peque\u00f1os. <\/span> <span class=\"NormalTextRun SCXW178035958 BCX0\">El diagn\u00f3stico precoz<\/span><span class=\"NormalTextRun SCXW178035958 BCX0\"> abre las puertas a las intervenciones <\/span><span class=\"NormalTextRun SCXW178035958 BCX0\"> , pero tambi\u00e9n explica un aumento de los casos identificados de autismo, en particular aquellos que hist\u00f3ricamente pueden haber pasado desapercibidos.\u00a0<\/span><\/span><span class=\"EOP SCXW178035958 BCX0\" data-ccp-props=\"{&quot;134233117&quot;:false,&quot;134233118&quot;:false,&quot;335551550&quot;:0,&quot;335551620&quot;:0,&quot;335559738&quot;:0,&quot;335559739&quot;:0}\">\u00a0<\/span>\t\t\t\t\t\t\t\t<\/div>\n\t\t\t\t<\/div>\n\t\t\t\t\t<\/div>\n\t\t<\/div>\n\t\t\t\t<div class=\"elementor-column elementor-col-50 elementor-top-column elementor-element elementor-element-c813477\" data-id=\"c813477\" data-element_type=\"column\">\n\t\t\t<div class=\"elementor-widget-wrap elementor-element-populated\">\n\t\t\t\t\t\t<div class=\"elementor-element elementor-element-644c89b elementor-widget elementor-widget-image\" data-id=\"644c89b\" data-element_type=\"widget\" data-widget_type=\"image.default\">\n\t\t\t\t<div class=\"elementor-widget-container\">\n\t\t\t\t\t\t\t\t\t\t\t\t\t\t\t<img decoding=\"async\" width=\"1024\" height=\"1024\" src=\"https:\/\/www.texasabacenters.com\/wp-content\/uploads\/Factors-Contributing-to-Autism-Overdiagnosis-.jpg\" class=\"attachment-large size-large wp-image-1496\" alt=\"Factores que Contribuyen al Sobrediagn\u00f3stico del Autismo\" srcset=\"https:\/\/www.texasabacenters.com\/wp-content\/uploads\/Factors-Contributing-to-Autism-Overdiagnosis-.jpg 1024w, https:\/\/www.texasabacenters.com\/wp-content\/uploads\/Factors-Contributing-to-Autism-Overdiagnosis--300x300.jpg 300w, https:\/\/www.texasabacenters.com\/wp-content\/uploads\/Factors-Contributing-to-Autism-Overdiagnosis--150x150.jpg 150w, https:\/\/www.texasabacenters.com\/wp-content\/uploads\/Factors-Contributing-to-Autism-Overdiagnosis--768x768.jpg 768w, https:\/\/www.texasabacenters.com\/wp-content\/uploads\/Factors-Contributing-to-Autism-Overdiagnosis--12x12.jpg 12w\" sizes=\"(max-width: 1024px) 100vw, 1024px\" title=\"\">\t\t\t\t\t\t\t\t\t\t\t\t\t\t\t<\/div>\n\t\t\t\t<\/div>\n\t\t\t\t\t<\/div>\n\t\t<\/div>\n\t\t\t\t\t<\/div>\n\t\t<\/section>\n\t\t\t\t<section class=\"elementor-section elementor-top-section elementor-element elementor-element-7c253c4 elementor-section-boxed elementor-section-height-default elementor-section-height-default\" data-id=\"7c253c4\" data-element_type=\"section\">\n\t\t\t\t\t\t<div class=\"elementor-container elementor-column-gap-default\">\n\t\t\t\t\t<div class=\"elementor-column elementor-col-100 elementor-top-column elementor-element elementor-element-8d3d381\" data-id=\"8d3d381\" data-element_type=\"column\">\n\t\t\t<div class=\"elementor-widget-wrap elementor-element-populated\">\n\t\t\t\t\t\t<div class=\"elementor-element elementor-element-8139005 elementor-widget elementor-widget-text-editor\" data-id=\"8139005\" data-element_type=\"widget\" data-widget_type=\"text-editor.default\">\n\t\t\t\t<div class=\"elementor-widget-container\">\n\t\t\t\t\t\t\t\t\t<p><span data-contrast=\"none\">Antes de estos avances, muchos ni\u00f1os, especialmente aquellos con s\u00edntomas leves, eran pasados por alto o diagnosticados err\u00f3neamente con otras <\/span><a href=\"https:\/\/www.texasabacenters.com\/es\/blog\/autismo-vs-tdah\/\" target=\"_blank\" rel=\"noopener\"><b><span data-contrast=\"none\">condiciones como el TDAH<\/span><\/b><\/a><span data-contrast=\"none\"> o la ansiedad.\u00a0<\/span><span data-ccp-props=\"{&quot;134233117&quot;:false,&quot;134233118&quot;:false,&quot;335551550&quot;:0,&quot;335551620&quot;:0,&quot;335559738&quot;:0,&quot;335559739&quot;:0}\">\u00a0<\/span><\/p><h3>2. Cambios en los Criterios Diagn\u00f3sticos<\/h3><p><span data-contrast=\"none\">La forma en que los profesionales m\u00e9dicos definen y diagnostican el autismo ha evolucionado significativamente con el tiempo. Antes de 2013, los proveedores m\u00e9dicos divid\u00edan el TEA en subcategor\u00edas, como el s\u00edndrome de Asperger y el trastorno generalizado del desarrollo no especificado (PDD-NOS). Sin embargo, los cambios introducidos en el <\/span><a href=\"https:\/\/www.cdc.gov\/autism\/hcp\/diagnosis\/index.html\" target=\"_blank\" rel=\"noopener\"><b><span data-contrast=\"none\">DSM-5<\/span><\/b><\/a><span data-contrast=\"none\"> (el manual de diagn\u00f3stico utilizado por los m\u00e9dicos) consolidaron estos subtipos en un solo diagn\u00f3stico general.\u00a0<\/span><span data-ccp-props=\"{&quot;134233117&quot;:false,&quot;134233118&quot;:false,&quot;335551550&quot;:0,&quot;335551620&quot;:0,&quot;335559738&quot;:0,&quot;335559739&quot;:0}\">\u00a0<\/span><\/p><p><span data-contrast=\"none\">Esta definici\u00f3n ampliada ahora incluye a personas con s\u00edntomas m\u00e1s leves que podr\u00edan no haber calificado para un diagn\u00f3stico de autismo seg\u00fan criterios m\u00e1s antiguos. Si bien este cambio permite que m\u00e1s personas accedan a intervenciones cruciales, tambi\u00e9n ha dado lugar a debates sobre si algunos casos representan un verdadero autismo o reflejan un sobrediagn\u00f3stico.\u00a0<\/span><\/p><h3>3. Avances en la Comprensi\u00f3n del Autismo<\/h3><p><span data-contrast=\"none\">Nuestra comprensi\u00f3n del autismo se ha profundizado en los \u00faltimos a\u00f1os, luchando contra los estereotipos y las definiciones r\u00edgidas de la condici\u00f3n. La investigaci\u00f3n ahora enfatiza el autismo como un espectro de experiencias en lugar de un solo trastorno.\u00a0 \u00a0<\/span><span data-ccp-props=\"{&quot;134233117&quot;:false,&quot;134233118&quot;:false,&quot;335551550&quot;:0,&quot;335551620&quot;:0,&quot;335559738&quot;:0,&quot;335559739&quot;:0}\">\u00a0<\/span><\/p><p><span data-contrast=\"none\">Un mayor reconocimiento de c\u00f3mo se manifiesta el autismo en las ni\u00f1as es otro factor que contribuye al aumento de los diagn\u00f3sticos. Durante mucho tiempo, los especialistas han percibido que el autismo afecta predominantemente a los ni\u00f1os, lo que lleva a diagn\u00f3sticos tard\u00edos o no detectados en las ni\u00f1as, cuyos s\u00edntomas a menudo aparecen de formas m\u00e1s sutiles.\u00a0<\/span><span data-ccp-props=\"{&quot;134233117&quot;:false,&quot;134233118&quot;:false,&quot;335551550&quot;:0,&quot;335551620&quot;:0,&quot;335559738&quot;:0,&quot;335559739&quot;:0}\">\u00a0<\/span><\/p><p><span data-contrast=\"none\">Esta evoluci\u00f3n en la comprensi\u00f3n ha ayudado a mejorar la precisi\u00f3n diagn\u00f3stica para diversos grupos, incluidos aquellos que anteriormente se dejaban fuera de la conversaci\u00f3n.\u00a0<\/span><\/p><h3>4. Sesgos Diagn\u00f3sticos e Interpretaciones Err\u00f3neas<\/h3><p><span data-ccp-props=\"{&quot;134233117&quot;:false,&quot;134233118&quot;:false,&quot;335551550&quot;:0,&quot;335551620&quot;:0,&quot;335559738&quot;:0,&quot;335559739&quot;:0}\">\u00a0<\/span><span data-contrast=\"none\">A pesar de todos los avances, el diagn\u00f3stico del autismo no est\u00e1 exento de desaf\u00edos. Muchos elementos del proceso de diagn\u00f3stico pueden ser subjetivos, como la observaci\u00f3n del comportamiento, lo que conduce a un posible sesgo diagn\u00f3stico. \u00a0<\/span><span data-ccp-props=\"{&quot;134233117&quot;:false,&quot;134233118&quot;:false,&quot;335551550&quot;:0,&quot;335551620&quot;:0,&quot;335559738&quot;:0,&quot;335559739&quot;:0}\">\u00a0<\/span><\/p><p><span data-contrast=\"none\">Los s\u00edntomas de ciertas condiciones, como el TDAH, el trastorno del procesamiento sensorial o los retrasos en el lenguaje, pueden superponerse con el TEA, y esta complejidad aumenta el riesgo de un diagn\u00f3stico err\u00f3neo del autismo. Adem\u00e1s de esto, los profesionales de la salud pueden sentirse presionados para proporcionar un <\/span><a href=\"https:\/\/www.texasabacenters.com\/es\/blog\/pasos-a-seguir-despues-de-un-diagnostico-de-autismo\/\" target=\"_blank\" rel=\"noopener\"><b><span data-contrast=\"none\">diagn\u00f3stico de autismo<\/span><\/b><\/a><span data-contrast=\"none\"> para ayudar a las familias a acceder a servicios de apoyo cr\u00edticos cubiertos por seguros o programas gubernamentales.\u00a0<\/span><span data-ccp-props=\"{&quot;134233117&quot;:false,&quot;134233118&quot;:false,&quot;335551550&quot;:0,&quot;335551620&quot;:0,&quot;335559738&quot;:0,&quot;335559739&quot;:0}\">\u00a0<\/span><\/p><p><span data-contrast=\"none\">Si bien estas circunstancias aseguran que las personas reciban apoyo, podr\u00edan contribuir a la percepci\u00f3n de un sobrediagn\u00f3stico de autismo.\u00a0<\/span><\/p><h3>5. Defensa de los Padres e Influencias Externas<\/h3><p><span data-contrast=\"none\">Hoy en d\u00eda, los padres est\u00e1n m\u00e1s informados y son m\u00e1s proactivos en la b\u00fasqueda de diagn\u00f3sticos cuando ven problemas de desarrollo en sus hijos. El aumento de la conciencia del desarrollo, junto con los beneficios de las <\/span><a href=\"https:\/\/www.texasabacenters.com\/es\/blog\/intervencion-temprana-en-la-terapia-aba\/\" target=\"_blank\" rel=\"noopener\"><b><span data-contrast=\"none\">terapias de intervenci\u00f3n temprana como el ABA<\/span><\/b><\/a><span data-contrast=\"none\"> (An\u00e1lisis de Comportamiento Aplicado), alienta a los padres a evaluar a sus hijos m\u00e1s temprano y con m\u00e1s frecuencia que antes.\u00a0<\/span><span data-ccp-props=\"{&quot;134233117&quot;:false,&quot;134233118&quot;:false,&quot;335551550&quot;:0,&quot;335551620&quot;:0,&quot;335559738&quot;:0,&quot;335559739&quot;:0}\">\u00a0<\/span><\/p><p><span data-contrast=\"none\">Sin embargo, la presi\u00f3n para detectar y abordar los retrasos en el desarrollo a veces puede llevar a los padres o profesionales a interpretar los comportamientos comunes de la infancia, como la timidez o la sensibilidad sensorial, como signos de autismo cuando podr\u00edan estar dentro del rango normal de desarrollo.\u00a0<\/span><span data-ccp-props=\"{&quot;134233117&quot;:false,&quot;134233118&quot;:false,&quot;335551550&quot;:0,&quot;335551620&quot;:0,&quot;335559738&quot;:0,&quot;335559739&quot;:0}\">\u00a0<\/span><\/p>\t\t\t\t\t\t\t\t<\/div>\n\t\t\t\t<\/div>\n\t\t\t\t<div class=\"elementor-element elementor-element-b93510b elementor-align-center elementor-widget elementor-widget-button\" data-id=\"b93510b\" data-element_type=\"widget\" data-widget_type=\"button.default\">\n\t\t\t\t<div class=\"elementor-widget-container\">\n\t\t\t\t\t\t\t\t\t<div class=\"elementor-button-wrapper\">\n\t\t\t\t\t<a class=\"elementor-button elementor-button-link elementor-size-sm\" href=\"https:\/\/www.texasabacenters.com\/es\/servicios-del-autismo\/intervencion-temprana\/\" target=\"_blank\">\n\t\t\t\t\t\t<span class=\"elementor-button-content-wrapper\">\n\t\t\t\t\t\t\t\t\t<span class=\"elementor-button-text\">M\u00e1s Informaci\u00f3n Sobre la Intervenci\u00f3n Temprana<\/span>\n\t\t\t\t\t<\/span>\n\t\t\t\t\t<\/a>\n\t\t\t\t<\/div>\n\t\t\t\t\t\t\t\t<\/div>\n\t\t\t\t<\/div>\n\t\t\t\t\t<\/div>\n\t\t<\/div>\n\t\t\t\t\t<\/div>\n\t\t<\/section>\n\t\t\t\t<section class=\"elementor-section elementor-top-section elementor-element elementor-element-5d2376c elementor-section-boxed elementor-section-height-default elementor-section-height-default\" data-id=\"5d2376c\" data-element_type=\"section\">\n\t\t\t\t\t\t<div class=\"elementor-container elementor-column-gap-default\">\n\t\t\t\t\t<div class=\"elementor-column elementor-col-100 elementor-top-column elementor-element elementor-element-35c8988\" data-id=\"35c8988\" data-element_type=\"column\">\n\t\t\t<div class=\"elementor-widget-wrap elementor-element-populated\">\n\t\t\t\t\t\t<div class=\"elementor-element elementor-element-8e7e164 elementor-widget elementor-widget-text-editor\" data-id=\"8e7e164\" data-element_type=\"widget\" data-widget_type=\"text-editor.default\">\n\t\t\t\t<div class=\"elementor-widget-container\">\n\t\t\t\t\t\t\t\t\t<h2>La Importancia de un Diagn\u00f3stico Temprano y Preciso\u00a0\u00a0<\/h2><p><span data-contrast=\"none\">Si bien existen debates en torno al sobrediagn\u00f3stico del autismo, la mayor\u00eda de los expertos coinciden en que identificar el autismo en la edad temprana es vital. Los programas de intervenci\u00f3n temprana, como la terapia ABA, tienen un profundo impacto en el progreso del desarrollo. Estos programas ayudan a los ni\u00f1os en el espectro a desarrollar habilidades cr\u00edticas en comunicaci\u00f3n, manejo del comportamiento e interacci\u00f3n social.\u00a0<\/span><span data-ccp-props=\"{&quot;134233117&quot;:false,&quot;134233118&quot;:false,&quot;335551550&quot;:0,&quot;335551620&quot;:0,&quot;335559738&quot;:0,&quot;335559739&quot;:0}\">\u00a0<\/span><\/p><p><span data-contrast=\"none\">Sin embargo, evitar el diagn\u00f3stico err\u00f3neo del autismo sigue siendo crucial para garantizar que las personas reciban las intervenciones adecuadas y evitar la estigmatizaci\u00f3n o los tratamientos innecesarios.\u00a0<\/span><span data-ccp-props=\"{&quot;134233117&quot;:false,&quot;134233118&quot;:false,&quot;335551550&quot;:0,&quot;335551620&quot;:0,&quot;335559738&quot;:0,&quot;335559739&quot;:0}\">\u00a0<\/span><\/p><h2>Encontrar el Equilibrio y Evitar el Diagn\u00f3stico Err\u00f3neo del Autismo<span data-contrast=\"none\">\u00a0<\/span><span data-ccp-props=\"{&quot;134233117&quot;:false,&quot;134233118&quot;:false,&quot;335551550&quot;:0,&quot;335551620&quot;:0,&quot;335559738&quot;:0,&quot;335559739&quot;:0}\">\u00a0<\/span><\/h2><p><span data-contrast=\"none\">Para garantizar diagn\u00f3sticos precisos y evitar diagn\u00f3sticos err\u00f3neos de autismo, es fundamental:\u00a0<\/span><span data-ccp-props=\"{&quot;134233117&quot;:false,&quot;134233118&quot;:false,&quot;335551550&quot;:0,&quot;335551620&quot;:0,&quot;335559738&quot;:0,&quot;335559739&quot;:0}\">\u00a0<\/span><\/p><ul><li><b><span data-contrast=\"none\">Evaluaciones Integrales:<\/span><\/b><span data-contrast=\"none\"> Los profesionales deben realizar evaluaciones detalladas que consideren m\u00faltiples fuentes de informaci\u00f3n y descarten otras condiciones posibles.\u00a0<\/span><span data-ccp-props=\"{&quot;134233117&quot;:false,&quot;134233118&quot;:false,&quot;335551550&quot;:0,&quot;335551620&quot;:0,&quot;335559738&quot;:0,&quot;335559739&quot;:0}\">\u00a0<\/span><\/li><li><b><span data-contrast=\"none\">Educaci\u00f3n Continua:<\/span><\/b><span data-contrast=\"none\"> Mantenerse actualizado sobre las \u00faltimas investigaciones y criterios de diagn\u00f3stico es esencial para los especialistas en salud mental y desarrollo infantil.\u00a0<\/span><span data-ccp-props=\"{&quot;134233117&quot;:false,&quot;134233118&quot;:false,&quot;335551550&quot;:0,&quot;335551620&quot;:0,&quot;335559738&quot;:0,&quot;335559739&quot;:0}\">\u00a0<\/span><\/li><li><b><span data-contrast=\"none\">Enfoque Multidisciplinario:<\/span><\/b><span data-contrast=\"none\"> La participaci\u00f3n de diversos profesionales, incluidos psic\u00f3logos, neur\u00f3logos y terapeutas ocupacionales, puede proporcionar una visi\u00f3n m\u00e1s completa del individuo.<\/span><\/li><li><b><span data-contrast=\"none\">Educar a las Familias y a los Educadores:<\/span><\/b><span data-contrast=\"none\"> Providing clear, evidence-based information can help manage expectations and reduce pressure to obtain a specific diagnosis.\u00a0<\/span><span data-ccp-props=\"{&quot;134233117&quot;:false,&quot;134233118&quot;:false,&quot;335551550&quot;:0,&quot;335551620&quot;:0,&quot;335559738&quot;:0,&quot;335559739&quot;:0}\">\u00a0<\/span><\/li><\/ul><h2>Construyendo un Futuro M\u00e1s Inclusivo con Texas ABA Centers\u00a0\u00a0<\/h2><p><span data-contrast=\"none\">Proporcionar informaci\u00f3n clara y basada en la evidencia puede ayudar a manejar las expectativas y reducir la presi\u00f3n para obtener un diagn\u00f3stico espec\u00edfico. \u00a0<\/span><span data-ccp-props=\"{&quot;134233117&quot;:false,&quot;134233118&quot;:false,&quot;335551550&quot;:0,&quot;335551620&quot;:0,&quot;335559738&quot;:0,&quot;335559739&quot;:0}\">\u00a0<\/span><\/p><p><span data-contrast=\"none\">Si est\u00e1s navegando por el mundo del autismo, comun\u00edcate con <\/span><b><span data-contrast=\"none\">Texas ABA Centers<\/span><\/b><span data-contrast=\"none\"> para explorar los servicios de diagn\u00f3stico de autismo y las intervenciones basadas en la evidencia como la terapia ABA en Plano, Katy, Austin y varias partes de Texas. Ll\u00e1manos al\u00a0<a href=\"tel:+18777715725\" target=\"_blank\" rel=\"noopener\"><strong>(877) 771-5725<\/strong><\/a>\u00a0o <\/span><a href=\"https:\/\/www.texasabacenters.com\/es\/contactanos\/\" target=\"_blank\" rel=\"noopener\"><b><span data-contrast=\"none\">una consulta gratuita aqu\u00ed.<\/span><\/b><\/a><span data-contrast=\"none\">.\u00a0<\/span><span data-ccp-props=\"{&quot;134233117&quot;:false,&quot;134233118&quot;:false,&quot;335551550&quot;:0,&quot;335551620&quot;:0,&quot;335559738&quot;:0,&quot;335559739&quot;:0}\">\u00a0<\/span><\/p><p><span data-contrast=\"none\">\u00a1Juntos, podemos marcar la diferencia y apoyar la neurodiversidad!<\/span><span data-ccp-props=\"{&quot;134233117&quot;:false,&quot;134233118&quot;:false,&quot;335551550&quot;:0,&quot;335551620&quot;:0,&quot;335559738&quot;:0,&quot;335559739&quot;:0}\">\u00a0<\/span><\/p>\t\t\t\t\t\t\t\t<\/div>\n\t\t\t\t<\/div>\n\t\t\t\t\t<\/div>\n\t\t<\/div>\n\t\t\t\t\t<\/div>\n\t\t<\/section>\n\t\t\t\t<\/div>","protected":false},"excerpt":{"rendered":"<p>Today, approximately 1 in 36 children in the United States is diagnosed with ASD, a dramatic shift from 1 in 150 just a few decades ago.   It is vital to explore the factors contributing to this increase and how we can ensure accurate and responsible diagnoses to approach this phenomenon.  This article by Texas ABA Centers will explore the key factors driving this increase, debunk common misconceptions, and provide clarity on what this trend means for families and professionals alike.  <\/p>","protected":false},"author":15,"featured_media":1494,"comment_status":"closed","ping_status":"open","sticky":false,"template":"","format":"standard","meta":{"site-sidebar-layout":"default","site-content-layout":"","ast-site-content-layout":"default","site-content-style":"default","site-sidebar-style":"default","ast-global-header-display":"","ast-banner-title-visibility":"","ast-main-header-display":"","ast-hfb-above-header-display":"","ast-hfb-below-header-display":"","ast-hfb-mobile-header-display":"","site-post-title":"","ast-breadcrumbs-content":"","ast-featured-img":"","footer-sml-layout":"","theme-transparent-header-meta":"","adv-header-id-meta":"","stick-header-meta":"","header-above-stick-meta":"","header-main-stick-meta":"","header-below-stick-meta":"","astra-migrate-meta-layouts":"set","ast-page-background-enabled":"default","ast-page-background-meta":{"desktop":{"background-color":"","background-image":"","background-repeat":"repeat","background-position":"center center","background-size":"auto","background-attachment":"scroll","background-type":"","background-media":"","overlay-type":"","overlay-color":"","overlay-opacity":"","overlay-gradient":""},"tablet":{"background-color":"","background-image":"","background-repeat":"repeat","background-position":"center center","background-size":"auto","background-attachment":"scroll","background-type":"","background-media":"","overlay-type":"","overlay-color":"","overlay-opacity":"","overlay-gradient":""},"mobile":{"background-color":"","background-image":"","background-repeat":"repeat","background-position":"center center","background-size":"auto","background-attachment":"scroll","background-type":"","background-media":"","overlay-type":"","overlay-color":"","overlay-opacity":"","overlay-gradient":""}},"ast-content-background-meta":{"desktop":{"background-color":"var(--ast-global-color-5)","background-image":"","background-repeat":"repeat","background-position":"center center","background-size":"auto","background-attachment":"scroll","background-type":"","background-media":"","overlay-type":"","overlay-color":"","overlay-opacity":"","overlay-gradient":""},"tablet":{"background-color":"var(--ast-global-color-5)","background-image":"","background-repeat":"repeat","background-position":"center center","background-size":"auto","background-attachment":"scroll","background-type":"","background-media":"","overlay-type":"","overlay-color":"","overlay-opacity":"","overlay-gradient":""},"mobile":{"background-color":"var(--ast-global-color-5)","background-image":"","background-repeat":"repeat","background-position":"center center","background-size":"auto","background-attachment":"scroll","background-type":"","background-media":"","overlay-type":"","overlay-color":"","overlay-opacity":"","overlay-gradient":""}},"footnotes":""},"categories":[17],"tags":[136,44,137],"class_list":["post-1493","post","type-post","status-publish","format-standard","has-post-thumbnail","hentry","category-blog","tag-autism-overdiagnosis","tag-autism-diagnosis","tag-autism-rates"],"_links":{"self":[{"href":"https:\/\/www.texasabacenters.com\/es\/wp-json\/wp\/v2\/posts\/1493","targetHints":{"allow":["GET"]}}],"collection":[{"href":"https:\/\/www.texasabacenters.com\/es\/wp-json\/wp\/v2\/posts"}],"about":[{"href":"https:\/\/www.texasabacenters.com\/es\/wp-json\/wp\/v2\/types\/post"}],"author":[{"embeddable":true,"href":"https:\/\/www.texasabacenters.com\/es\/wp-json\/wp\/v2\/users\/15"}],"replies":[{"embeddable":true,"href":"https:\/\/www.texasabacenters.com\/es\/wp-json\/wp\/v2\/comments?post=1493"}],"version-history":[{"count":0,"href":"https:\/\/www.texasabacenters.com\/es\/wp-json\/wp\/v2\/posts\/1493\/revisions"}],"wp:featuredmedia":[{"embeddable":true,"href":"https:\/\/www.texasabacenters.com\/es\/wp-json\/wp\/v2\/media\/1494"}],"wp:attachment":[{"href":"https:\/\/www.texasabacenters.com\/es\/wp-json\/wp\/v2\/media?parent=1493"}],"wp:term":[{"taxonomy":"category","embeddable":true,"href":"https:\/\/www.texasabacenters.com\/es\/wp-json\/wp\/v2\/categories?post=1493"},{"taxonomy":"post_tag","embeddable":true,"href":"https:\/\/www.texasabacenters.com\/es\/wp-json\/wp\/v2\/tags?post=1493"}],"curies":[{"name":"wp","href":"https:\/\/api.w.org\/{rel}","templated":true}]}}