{"id":1487,"date":"2025-02-24T09:28:00","date_gmt":"2025-02-24T14:28:00","guid":{"rendered":"https:\/\/www.texasabacenters.com\/?p=1487"},"modified":"2025-05-22T11:34:27","modified_gmt":"2025-05-22T15:34:27","slug":"el-autismo-en-la-comunidad-latina","status":"publish","type":"post","link":"https:\/\/www.texasabacenters.com\/es\/blog\/el-autismo-en-la-comunidad-latina\/","title":{"rendered":"El Autismo en la Comunidad Latina: \u00bfPor Qu\u00e9 Muchas Familias Luchan por Obtener un Apoyo Temprano?"},"content":{"rendered":"<div data-elementor-type=\"wp-post\" data-elementor-id=\"1487\" class=\"elementor elementor-1487\" data-elementor-post-type=\"post\">\n\t\t\t\t\t\t<section class=\"elementor-section elementor-top-section elementor-element elementor-element-b6d7960 elementor-section-boxed elementor-section-height-default elementor-section-height-default\" data-id=\"b6d7960\" data-element_type=\"section\">\n\t\t\t\t\t\t<div class=\"elementor-container elementor-column-gap-default\">\n\t\t\t\t\t<div class=\"elementor-column elementor-col-100 elementor-top-column elementor-element elementor-element-fe694be\" data-id=\"fe694be\" data-element_type=\"column\">\n\t\t\t<div class=\"elementor-widget-wrap elementor-element-populated\">\n\t\t\t\t\t\t<div class=\"elementor-element elementor-element-80a944e elementor-toc--minimized-on-tablet elementor-widget elementor-widget-table-of-contents\" data-id=\"80a944e\" data-element_type=\"widget\" data-settings=\"{&quot;headings_by_tags&quot;:[&quot;h2&quot;],&quot;exclude_headings_by_selector&quot;:[],&quot;no_headings_message&quot;:&quot;No headings were found on this page.&quot;,&quot;marker_view&quot;:&quot;numbers&quot;,&quot;minimize_box&quot;:&quot;yes&quot;,&quot;minimized_on&quot;:&quot;tablet&quot;,&quot;hierarchical_view&quot;:&quot;yes&quot;,&quot;min_height&quot;:{&quot;unit&quot;:&quot;px&quot;,&quot;size&quot;:&quot;&quot;,&quot;sizes&quot;:[]},&quot;min_height_tablet&quot;:{&quot;unit&quot;:&quot;px&quot;,&quot;size&quot;:&quot;&quot;,&quot;sizes&quot;:[]},&quot;min_height_mobile&quot;:{&quot;unit&quot;:&quot;px&quot;,&quot;size&quot;:&quot;&quot;,&quot;sizes&quot;:[]}}\" data-widget_type=\"table-of-contents.default\">\n\t\t\t\t<div class=\"elementor-widget-container\">\n\t\t\t\t\t\t\t<div class=\"elementor-toc__header\">\n\t\t\t<h4 class=\"elementor-toc__header-title\">\n\t\t\t\tTabla de contenidos\t\t\t<\/h4>\n\t\t\t\t\t\t\t<div class=\"elementor-toc__toggle-button elementor-toc__toggle-button--expand\" role=\"button\" tabindex=\"0\" aria-controls=\"elementor-toc__80a944e\" aria-expanded=\"true\" aria-label=\"Open table of contents\"><i aria-hidden=\"true\" class=\"fas fa-chevron-down\"><\/i><\/div>\n\t\t\t\t<div class=\"elementor-toc__toggle-button elementor-toc__toggle-button--collapse\" role=\"button\" tabindex=\"0\" aria-controls=\"elementor-toc__80a944e\" aria-expanded=\"true\" aria-label=\"Close table of contents\"><i aria-hidden=\"true\" class=\"fas fa-chevron-up\"><\/i><\/div>\n\t\t\t\t\t<\/div>\n\t\t<div id=\"elementor-toc__80a944e\" class=\"elementor-toc__body\">\n\t\t\t<div class=\"elementor-toc__spinner-container\">\n\t\t\t\t<i class=\"elementor-toc__spinner eicon-animation-spin eicon-loading\" aria-hidden=\"true\"><\/i>\t\t\t<\/div>\n\t\t<\/div>\n\t\t\t\t\t\t<\/div>\n\t\t\t\t<\/div>\n\t\t\t\t<div class=\"elementor-element elementor-element-8cf6121 elementor-widget elementor-widget-text-editor\" data-id=\"8cf6121\" data-element_type=\"widget\" data-widget_type=\"text-editor.default\">\n\t\t\t\t<div class=\"elementor-widget-container\">\n\t\t\t\t\t\t\t\t\t<h2>\u00bfEs com\u00fan el autismo en los hispanos?<\/h2><p>Para muchas familias latinas en los EE. UU., navegar por el mundo del autismo conlleva desaf\u00edos \u00fanicos, que incluyen barreras ling\u00fc\u00edsticas, creencias culturales y acceso limitado a recursos que a menudo se interponen en el camino del diagn\u00f3stico temprano y de tratamientos efectivos. Si bien la comprensi\u00f3n del <strong><a href=\"https:\/\/www.texasabacenters.com\/es\/servicios-del-autismo\/diagnostico-del-autismo\/\" target=\"_blank\" rel=\"noopener\">trastorno del espectro autista<\/a><\/strong> (TEA) ha crecido, los ni\u00f1os latinos todav\u00eda son diagnosticados m\u00e1s tarde que sus pares blancos, a menudo cuando los s\u00edntomas son m\u00e1s graves. Este retraso del autismo en la comunidad latina puede afectar la efectividad de las intervenciones tempranas, dejando a las familias sinti\u00e9ndose perdidas y sin la orientaci\u00f3n adecuada.<\/p><p>Pero \u00bfpor qu\u00e9 existe esta brecha? \u00bfC\u00f3mo afectan las percepciones culturales, las disparidades en la atenci\u00f3n m\u00e9dica y las limitaciones geogr\u00e1ficas a las familias latinas que buscan apoyo para un ni\u00f1o con autismo? Este blog de <strong>Texas ABA Centers<\/strong> explorar\u00e1 las experiencias de las familias latinas e hispanas, destacando las dificultades que enfrentan y ofreciendo recursos valiosos para ayudarlos a navegar el viaje del autismo.<\/p><h2>Entendiendo el Retraso en los Diagn\u00f3sticos en los Ni\u00f1os Latinos<\/h2>\t\t\t\t\t\t\t\t<\/div>\n\t\t\t\t<\/div>\n\t\t\t\t\t<\/div>\n\t\t<\/div>\n\t\t\t\t\t<\/div>\n\t\t<\/section>\n\t\t\t\t<section class=\"elementor-section elementor-top-section elementor-element elementor-element-755e45f elementor-section-boxed elementor-section-height-default elementor-section-height-default\" data-id=\"755e45f\" data-element_type=\"section\">\n\t\t\t\t\t\t<div class=\"elementor-container elementor-column-gap-default\">\n\t\t\t\t\t<div class=\"elementor-column elementor-col-50 elementor-top-column elementor-element elementor-element-da18285\" data-id=\"da18285\" data-element_type=\"column\">\n\t\t\t<div class=\"elementor-widget-wrap elementor-element-populated\">\n\t\t\t\t\t\t<div class=\"elementor-element elementor-element-6c71035 elementor-widget elementor-widget-text-editor\" data-id=\"6c71035\" data-element_type=\"widget\" data-widget_type=\"text-editor.default\">\n\t\t\t\t<div class=\"elementor-widget-container\">\n\t\t\t\t\t\t\t\t\t<p>Los estudios muestran consistentemente que los ni\u00f1os latinos son diagnosticados con autismo m\u00e1s tarde que los ni\u00f1os blancos, a menudo a los 2.5 a\u00f1os o m\u00e1s. Varios factores contribuyen al retraso del diagn\u00f3stico del autismo en la comunidad latina, incluida la mala interpretaci\u00f3n de los comportamientos por parte de los padres y cuidadores.<\/p><p>Una investigaci\u00f3n publicada en la <a href=\"https:\/\/pmc.ncbi.nlm.nih.gov\/articles\/PMC4180801\/\" target=\"_blank\" rel=\"noopener\"><strong>Journal of Developmental and Behavioral Pediatrics<\/strong><\/a> descubri\u00f3 que muchos padres latinos nunca hab\u00edan o\u00eddo hablar del autismo antes del diagn\u00f3stico de su hijo o solo ten\u00edan una vaga comprensi\u00f3n de lo que implicaba.<\/p>\t\t\t\t\t\t\t\t<\/div>\n\t\t\t\t<\/div>\n\t\t\t\t\t<\/div>\n\t\t<\/div>\n\t\t\t\t<div class=\"elementor-column elementor-col-50 elementor-top-column elementor-element elementor-element-b5a219b\" data-id=\"b5a219b\" data-element_type=\"column\">\n\t\t\t<div class=\"elementor-widget-wrap elementor-element-populated\">\n\t\t\t\t\t\t<div class=\"elementor-element elementor-element-8ca6bf9 elementor-widget elementor-widget-image\" data-id=\"8ca6bf9\" data-element_type=\"widget\" data-widget_type=\"image.default\">\n\t\t\t\t<div class=\"elementor-widget-container\">\n\t\t\t\t\t\t\t\t\t\t\t\t\t\t\t<img fetchpriority=\"high\" decoding=\"async\" width=\"1024\" height=\"1024\" src=\"https:\/\/www.texasabacenters.com\/wp-content\/uploads\/Delayed-Diagnosis-Among-Latino-Children.jpg\" class=\"attachment-large size-large wp-image-1488\" alt=\"\" srcset=\"https:\/\/www.texasabacenters.com\/wp-content\/uploads\/Delayed-Diagnosis-Among-Latino-Children.jpg 1024w, https:\/\/www.texasabacenters.com\/wp-content\/uploads\/Delayed-Diagnosis-Among-Latino-Children-300x300.jpg 300w, https:\/\/www.texasabacenters.com\/wp-content\/uploads\/Delayed-Diagnosis-Among-Latino-Children-150x150.jpg 150w, https:\/\/www.texasabacenters.com\/wp-content\/uploads\/Delayed-Diagnosis-Among-Latino-Children-768x768.jpg 768w, https:\/\/www.texasabacenters.com\/wp-content\/uploads\/Delayed-Diagnosis-Among-Latino-Children-12x12.jpg 12w\" sizes=\"(max-width: 1024px) 100vw, 1024px\" title=\"\">\t\t\t\t\t\t\t\t\t\t\t\t\t\t\t<\/div>\n\t\t\t\t<\/div>\n\t\t\t\t<div class=\"elementor-element elementor-element-140f78d elementor-align-center elementor-widget elementor-widget-button\" data-id=\"140f78d\" data-element_type=\"widget\" data-widget_type=\"button.default\">\n\t\t\t\t<div class=\"elementor-widget-container\">\n\t\t\t\t\t\t\t\t\t<div class=\"elementor-button-wrapper\">\n\t\t\t\t\t<a class=\"elementor-button elementor-button-link elementor-size-sm\" href=\"https:\/\/www.texasabacenters.com\/es\/servicios-del-autismo\/diagnostico-del-autismo\/\" target=\"_blank\">\n\t\t\t\t\t\t<span class=\"elementor-button-content-wrapper\">\n\t\t\t\t\t\t\t\t\t<span class=\"elementor-button-text\">Explora el Diagn\u00f3stico del Autismo<\/span>\n\t\t\t\t\t<\/span>\n\t\t\t\t\t<\/a>\n\t\t\t\t<\/div>\n\t\t\t\t\t\t\t\t<\/div>\n\t\t\t\t<\/div>\n\t\t\t\t\t<\/div>\n\t\t<\/div>\n\t\t\t\t\t<\/div>\n\t\t<\/section>\n\t\t\t\t<section class=\"elementor-section elementor-top-section elementor-element elementor-element-2220aa2 elementor-section-boxed elementor-section-height-default elementor-section-height-default\" data-id=\"2220aa2\" data-element_type=\"section\">\n\t\t\t\t\t\t<div class=\"elementor-container elementor-column-gap-default\">\n\t\t\t\t\t<div class=\"elementor-column elementor-col-100 elementor-top-column elementor-element elementor-element-5044bd3\" data-id=\"5044bd3\" data-element_type=\"column\">\n\t\t\t<div class=\"elementor-widget-wrap elementor-element-populated\">\n\t\t\t\t\t\t<div class=\"elementor-element elementor-element-aa0580e elementor-widget elementor-widget-text-editor\" data-id=\"aa0580e\" data-element_type=\"widget\" data-widget_type=\"text-editor.default\">\n\t\t\t\t<div class=\"elementor-widget-container\">\n\t\t\t\t\t\t\t\t\t<p>Algunos padres tambi\u00e9n atribuyeron los signos tempranos de autismo a la din\u00e1mica familiar o a problemas de comportamiento en lugar de reconocerlos como posibles indicadores de una condici\u00f3n del desarrollo.<\/p><p>Adem\u00e1s, las familias latinas con frecuencia encuentran barreras adicionales para un diagn\u00f3stico de autismo, que incluyen:<\/p><ul><li><a href=\"https:\/\/www.texasabacenters.com\/es\/blog\/entendiendo-las-caracteristicas-con-perspectiva-de-aba\/\" target=\"_blank\" rel=\"noopener\"><strong>Conocimiento limitado sobre los s\u00edntomas del autismo<\/strong><\/a> y signos tempranos<\/li><li>Altos niveles de estigma en torno a la salud mental y los trastornos del desarrollo<\/li><li>Escaso acceso a la atenci\u00f3n m\u00e9dica debido a limitaciones financieras o estatus migratorio<\/li><li>Barreras ling\u00fc\u00edsticas que impiden una comunicaci\u00f3n efectiva con los proveedores<\/li><li>Los profesionales m\u00e9dicos descartan las preocupaciones o asumen que los s\u00edntomas se derivan de la confusi\u00f3n del idioma biling\u00fce<\/li><\/ul><p>\u00bfEl resultado? Los ni\u00f1os latinos a menudo son diagnosticados en un punto en el que las intervenciones a\u00fan pueden ser \u00fatiles, pero podr\u00edan haber sido significativamente m\u00e1s efectivas si hubieran comenzado antes.<\/p><h2>Perspectivas Culturales Sobre el Autismo en la Comunidad Latina<\/h2><p><img decoding=\"async\" class=\"alignnone wp-image-1489 size-large\" src=\"https:\/\/www.texasabacenters.com\/wp-content\/uploads\/Cultural-Perspectives-on-Autism-in-the-Latino-Community-1024x576.jpg\" alt=\"ASD\" width=\"1024\" height=\"576\" title=\"\" srcset=\"https:\/\/www.texasabacenters.com\/wp-content\/uploads\/Cultural-Perspectives-on-Autism-in-the-Latino-Community-1024x576.jpg 1024w, https:\/\/www.texasabacenters.com\/wp-content\/uploads\/Cultural-Perspectives-on-Autism-in-the-Latino-Community-300x169.jpg 300w, https:\/\/www.texasabacenters.com\/wp-content\/uploads\/Cultural-Perspectives-on-Autism-in-the-Latino-Community-768x432.jpg 768w, https:\/\/www.texasabacenters.com\/wp-content\/uploads\/Cultural-Perspectives-on-Autism-in-the-Latino-Community-1536x864.jpg 1536w, https:\/\/www.texasabacenters.com\/wp-content\/uploads\/Cultural-Perspectives-on-Autism-in-the-Latino-Community-18x10.jpg 18w, https:\/\/www.texasabacenters.com\/wp-content\/uploads\/Cultural-Perspectives-on-Autism-in-the-Latino-Community.jpg 1920w\" sizes=\"(max-width: 1024px) 100vw, 1024px\" \/><\/p><p>Tambi\u00e9n debemos reconocer que parte de la responsabilidad recae en la perspectiva cultural, ya que da forma en la manera en que los individuos entienden e interact\u00faan con los trastornos del desarrollo.<\/p><p>Entonces, s\u00ed, la cultura juega un papel importante en la forma en que las familias latinas perciben el autismo y otras condiciones. Muchos padres latinos tienen creencias distintas sobre el desarrollo infantil, la crianza de los hijos y la discapacidad que pueden influir en si buscan ayuda m\u00e9dica para sus hijos. Seg\u00fan la investigaci\u00f3n, algunas familias ven los retrasos inevitables en el desarrollo como \"normales\" y esperan que los ni\u00f1os los superen, lo que lleva a dudar en buscar una evaluaci\u00f3n.<\/p><p>Adem\u00e1s, las condiciones de salud mental, incluido el autismo, pueden conllevar un estigma social en muchas comunidades latinas. Un estudio de <a href=\"https:\/\/pmc.ncbi.nlm.nih.gov\/articles\/PMC4006363\/\" target=\"_blank\" rel=\"noopener\"><strong>Academic Pediatrics<\/strong><\/a> revel\u00f3 que algunas familias latinas temen ser juzgadas, rechazadas o culpadas si su hijo es diagnosticado con autismo. Este estigma puede disuadir a los padres de hablar de sus preocupaciones con los profesionales m\u00e9dicos o incluso con sus familiares.<\/p><h2>Disparidades en la Atenci\u00f3n M\u00e9dica: Una Barrera Importante para los Servicios de Autismo<\/h2><p>El acceso a la atenci\u00f3n m\u00e9dica relacionada con el autismo es otro obst\u00e1culo importante para las familias hispanas. Un estudio en <a href=\"https:\/\/jamanetwork.com\/journals\/jamanetworkopen\/fullarticle\/2800709\" target=\"_blank\" rel=\"noopener\"><strong>JAMA Network<\/strong><\/a> mape\u00f3 la disponibilidad de servicios de autismo en los EE. UU. y encontr\u00f3 que los ni\u00f1os hispanos tienen significativamente menos recursos disponibles en comparaci\u00f3n con los ni\u00f1os blancos, particularmente en las \u00e1reas rurales. Estas disparidades son a\u00fan m\u00e1s pronunciadas en las regiones micropolitanas, donde el acceso a la atenci\u00f3n del autismo es escaso.<\/p><p>Varios factores contribuyen a estas disparidades:<\/p><ul><li><strong>Barreras Ling\u00fc\u00edsticas<\/strong>: Muchos padres latinos reportan dificultades para encontrar proveedores de atenci\u00f3n m\u00e9dica que hablen espa\u00f1ol, lo que dificulta navegar el proceso de diagn\u00f3stico y las opciones de tratamiento.<\/li><li><strong>Falta de Seguro M\u00e9dico<\/strong>: Las familias sin seguro m\u00e9dico o con cobertura limitada a menudo tienen dificultades para pagar las evaluaciones diagn\u00f3sticas y la terapia.<\/li><li><strong>Ubicaci\u00f3n Geogr\u00e1fica<\/strong>: Muchas familias viven en \u00e1reas donde los especialistas en autismo son limitados, lo que requiere largas distancias de viaje para recibir atenci\u00f3n.<\/li><li><strong>Desconfianza en el Sistema de Salud<\/strong>: Las experiencias hist\u00f3ricas de discriminaci\u00f3n y negligencia sist\u00e9mica han llevado a algunas familias hispanas a desconfiar de los profesionales m\u00e9dicos, retrasando a\u00fan m\u00e1s los diagn\u00f3sticos y tratamientos.<\/li><\/ul><h2>Rompiendo Barreras: Recursos y Apoyo para las Familias Latinas<\/h2><p><img decoding=\"async\" class=\"alignnone wp-image-1491 size-large\" src=\"https:\/\/www.texasabacenters.com\/wp-content\/uploads\/Cultural-Perspectives-on-Autism-in-the-Latino-Community-1-1024x576.jpg\" alt=\"Support for Latino Families\" width=\"1024\" height=\"576\" title=\"\"><\/p><p>A pesar de estos desaf\u00edos, varias organizaciones y programas est\u00e1n trabajando para cerrar la brecha y proporcionar recursos esenciales sobre el autismo a las familias latinas. Adem\u00e1s, las familias hispanas y latinas deben reconocer y comprender que el autismo y otras condiciones del desarrollo son absolutas y pueden afectar a cualquier persona, sin importar su origen cultural. Algunas de las opciones incluyen:<\/p><ul><li><strong>Educar a las Familias Sobre los Primeros Signos de Autismo<\/strong>: Muchos padres informan que los profesionales m\u00e9dicos desestiman sus preocupaciones sobre el desarrollo de sus hijos. Tambi\u00e9n es esencial que las familias <a href=\"https:\/\/sesameworkshop.org\/search?s=&amp;type=resource&amp;topic=autism-en&amp;language=es\" target=\"_blank\" rel=\"noopener\"><strong>entiendan el autismo<\/strong><\/a>, como los signos tempranos comunes, lo que puede ayudar a los padres a abogar por evaluaciones e intervenciones oportunas.<\/li><li><a href=\"https:\/\/www.autismspeaks.org\/recursos-autismo\" target=\"_blank\" rel=\"noopener\"><strong>Recursos en Espa\u00f1ol de Autism Speaks<\/strong><\/a>: Proporciona materiales educativos, kits de herramientas y grupos de apoyo espec\u00edficamente para familias de habla hispana.<\/li><li><strong>Grupos de Apoyo<\/strong>: Muchos centros sin fines de lucro como <a href=\"https:\/\/gruposalto.org\/\" target=\"_blank\" rel=\"noopener\"><strong>Grupo Salto<\/strong><\/a> y <a href=\"https:\/\/autism-united.org\/spanishsupportgroup\/\" target=\"_blank\" rel=\"noopener\"><strong>grupos comunitarios<\/strong><\/a> ayudan a las familias latinas a navegar por la atenci\u00f3n del autismo.<\/li><li><strong>Proveedores Biling\u00fces de ABA<\/strong>: Algunos centros de terapia para el autismo ofrecen terapia biling\u00fce <a href=\"https:\/\/www.texasabacenters.com\/es\/blog\/las-7-dimensiones-de-aba\/\" target=\"_blank\" rel=\"noopener\"><strong>an\u00e1lisis del comportamiento aplicado<\/strong><\/a> (ABA) para garantizar que los ni\u00f1os reciban servicios en su idioma preferido.<\/li><\/ul><h2>C\u00f3mo Texas ABA Centers Apoyan a las Familias Latinas que Navegan por el Autismo<\/h2><p>Las familias latinas que navegan por el autismo merecen acceso a un diagn\u00f3stico temprano, apoyo integral y atenci\u00f3n culturalmente competente. Abordar las barreras a las que se enfrentan requiere una combinaci\u00f3n entre educaci\u00f3n, cambios en las pol\u00edticas y mejores servicios de atenci\u00f3n m\u00e9dica. Al fomentar la conciencia y crear recursos inclusivos, podemos ayudar a garantizar que ning\u00fan ni\u00f1o se quede sin el apoyo que necesita para prosperar.<\/p><p>En <a href=\"https:\/\/www.texasabacenters.com\/es\/blog\/los-padres-confian-en-aba-centers-para-las-vacaciones\/\" target=\"_blank\" rel=\"noopener\"><strong>Texas ABA Centers<\/strong><\/a>, entendemos los desaf\u00edos \u00fanicos que enfrentan las familias latinas cuando buscan atenci\u00f3n para el autismo. Es por ello que estamos comprometidos a brindar servicios accesibles y de alta calidad que satisfagan las necesidades de nuestras comunidades diversas.<\/p><p>Trabajamos en estrecha colaboraci\u00f3n con familias en Austin, Dallas y Houston para ayudarlas a navegar por los beneficios del seguro m\u00e9dico, asegur\u00e1ndonos de que la mayor cantidad posible de ni\u00f1os reciban la terapia que necesitan. Nuestro equipo ofrece terapia ABA en el hogar y en nuestros centros, lo que facilita que las familias accedan a la atenci\u00f3n de la manera que mejor les funcione.<\/p><p>Si eres un padre que busca orientaci\u00f3n sobre el autismo, recuerda que no est\u00e1s solo. Estamos aqu\u00ed para ayudarte a navegar y comprender el viaje neurodiverso. Ll\u00e1manos al <a href=\"tel:+18777715725\" target=\"_blank\" rel=\"noopener\">(877) 771-5725<\/a> o programa una <a href=\"https:\/\/www.texasabacenters.com\/es\/contactanos\/\" target=\"_blank\" rel=\"noopener\"><strong>consulta gratuita aqu\u00ed<\/strong><\/a>.<\/p><p>Nuestros recursos est\u00e1n disponibles para garantizar que tu hijo reciba la atenci\u00f3n y el apoyo que se merece.<\/p>\t\t\t\t\t\t\t\t<\/div>\n\t\t\t\t<\/div>\n\t\t\t\t<div class=\"elementor-element elementor-element-6c35bb3 elementor-align-center elementor-widget elementor-widget-button\" data-id=\"6c35bb3\" data-element_type=\"widget\" data-widget_type=\"button.default\">\n\t\t\t\t<div class=\"elementor-widget-container\">\n\t\t\t\t\t\t\t\t\t<div class=\"elementor-button-wrapper\">\n\t\t\t\t\t<a class=\"elementor-button elementor-button-link elementor-size-sm\" href=\"https:\/\/www.texasabacenters.com\/es\/sobre-nosotros\/\" target=\"_blank\">\n\t\t\t\t\t\t<span class=\"elementor-button-content-wrapper\">\n\t\t\t\t\t\t\t\t\t<span class=\"elementor-button-text\">M\u00e1s Sobre Nosotros<\/span>\n\t\t\t\t\t<\/span>\n\t\t\t\t\t<\/a>\n\t\t\t\t<\/div>\n\t\t\t\t\t\t\t\t<\/div>\n\t\t\t\t<\/div>\n\t\t\t\t\t<\/div>\n\t\t<\/div>\n\t\t\t\t\t<\/div>\n\t\t<\/section>\n\t\t\t\t<\/div>","protected":false},"excerpt":{"rendered":"<p>While understanding about autism spectrum disorder (ASD) has grown, Latino children are still diagnosed later than their white peers, often when symptoms are more severe. This delay of autism in the Latino community can impact the effectiveness of early interventions, leaving families feeling lost and without proper guidance.<\/p>","protected":false},"author":16,"featured_media":1490,"comment_status":"closed","ping_status":"open","sticky":false,"template":"","format":"standard","meta":{"site-sidebar-layout":"default","site-content-layout":"","ast-site-content-layout":"default","site-content-style":"default","site-sidebar-style":"default","ast-global-header-display":"","ast-banner-title-visibility":"","ast-main-header-display":"","ast-hfb-above-header-display":"","ast-hfb-below-header-display":"","ast-hfb-mobile-header-display":"","site-post-title":"","ast-breadcrumbs-content":"","ast-featured-img":"","footer-sml-layout":"","theme-transparent-header-meta":"","adv-header-id-meta":"","stick-header-meta":"","header-above-stick-meta":"","header-main-stick-meta":"","header-below-stick-meta":"","astra-migrate-meta-layouts":"set","ast-page-background-enabled":"default","ast-page-background-meta":{"desktop":{"background-color":"","background-image":"","background-repeat":"repeat","background-position":"center center","background-size":"auto","background-attachment":"scroll","background-type":"","background-media":"","overlay-type":"","overlay-color":"","overlay-opacity":"","overlay-gradient":""},"tablet":{"background-color":"","background-image":"","background-repeat":"repeat","background-position":"center center","background-size":"auto","background-attachment":"scroll","background-type":"","background-media":"","overlay-type":"","overlay-color":"","overlay-opacity":"","overlay-gradient":""},"mobile":{"background-color":"","background-image":"","background-repeat":"repeat","background-position":"center center","background-size":"auto","background-attachment":"scroll","background-type":"","background-media":"","overlay-type":"","overlay-color":"","overlay-opacity":"","overlay-gradient":""}},"ast-content-background-meta":{"desktop":{"background-color":"var(--ast-global-color-5)","background-image":"","background-repeat":"repeat","background-position":"center center","background-size":"auto","background-attachment":"scroll","background-type":"","background-media":"","overlay-type":"","overlay-color":"","overlay-opacity":"","overlay-gradient":""},"tablet":{"background-color":"var(--ast-global-color-5)","background-image":"","background-repeat":"repeat","background-position":"center center","background-size":"auto","background-attachment":"scroll","background-type":"","background-media":"","overlay-type":"","overlay-color":"","overlay-opacity":"","overlay-gradient":""},"mobile":{"background-color":"var(--ast-global-color-5)","background-image":"","background-repeat":"repeat","background-position":"center center","background-size":"auto","background-attachment":"scroll","background-type":"","background-media":"","overlay-type":"","overlay-color":"","overlay-opacity":"","overlay-gradient":""}},"footnotes":""},"categories":[17],"tags":[134,44,135],"class_list":["post-1487","post","type-post","status-publish","format-standard","has-post-thumbnail","hentry","category-blog","tag-autism-in-the-latino-community","tag-autism-diagnosis","tag-disparity-in-autism"],"_links":{"self":[{"href":"https:\/\/www.texasabacenters.com\/es\/wp-json\/wp\/v2\/posts\/1487","targetHints":{"allow":["GET"]}}],"collection":[{"href":"https:\/\/www.texasabacenters.com\/es\/wp-json\/wp\/v2\/posts"}],"about":[{"href":"https:\/\/www.texasabacenters.com\/es\/wp-json\/wp\/v2\/types\/post"}],"author":[{"embeddable":true,"href":"https:\/\/www.texasabacenters.com\/es\/wp-json\/wp\/v2\/users\/16"}],"replies":[{"embeddable":true,"href":"https:\/\/www.texasabacenters.com\/es\/wp-json\/wp\/v2\/comments?post=1487"}],"version-history":[{"count":0,"href":"https:\/\/www.texasabacenters.com\/es\/wp-json\/wp\/v2\/posts\/1487\/revisions"}],"wp:featuredmedia":[{"embeddable":true,"href":"https:\/\/www.texasabacenters.com\/es\/wp-json\/wp\/v2\/media\/1490"}],"wp:attachment":[{"href":"https:\/\/www.texasabacenters.com\/es\/wp-json\/wp\/v2\/media?parent=1487"}],"wp:term":[{"taxonomy":"category","embeddable":true,"href":"https:\/\/www.texasabacenters.com\/es\/wp-json\/wp\/v2\/categories?post=1487"},{"taxonomy":"post_tag","embeddable":true,"href":"https:\/\/www.texasabacenters.com\/es\/wp-json\/wp\/v2\/tags?post=1487"}],"curies":[{"name":"wp","href":"https:\/\/api.w.org\/{rel}","templated":true}]}}