{"id":1385,"date":"2024-10-01T11:11:32","date_gmt":"2024-10-01T15:11:32","guid":{"rendered":"https:\/\/www.texasabacenters.com\/?p=1385"},"modified":"2025-05-22T11:39:12","modified_gmt":"2025-05-22T15:39:12","slug":"diversidad-racial-en-la-atencion-del-autismo","status":"publish","type":"post","link":"https:\/\/www.texasabacenters.com\/es\/blog\/diversidad-racial-en-la-atencion-del-autismo\/","title":{"rendered":"Comprendiendo la Diversidad Racial en la Atenci\u00f3n del Autismo"},"content":{"rendered":"<div data-elementor-type=\"wp-post\" data-elementor-id=\"1385\" class=\"elementor elementor-1385\" data-elementor-post-type=\"post\">\n\t\t\t\t\t\t<section class=\"elementor-section elementor-top-section elementor-element elementor-element-5784661 elementor-section-boxed elementor-section-height-default elementor-section-height-default\" data-id=\"5784661\" data-element_type=\"section\">\n\t\t\t\t\t\t<div class=\"elementor-container elementor-column-gap-default\">\n\t\t\t\t\t<div class=\"elementor-column elementor-col-100 elementor-top-column elementor-element elementor-element-6ef26e8\" data-id=\"6ef26e8\" data-element_type=\"column\">\n\t\t\t<div class=\"elementor-widget-wrap elementor-element-populated\">\n\t\t\t\t\t\t<div class=\"elementor-element elementor-element-d2359fe elementor-toc--minimized-on-tablet elementor-widget elementor-widget-table-of-contents\" data-id=\"d2359fe\" data-element_type=\"widget\" data-settings=\"{&quot;headings_by_tags&quot;:[&quot;h2&quot;],&quot;exclude_headings_by_selector&quot;:[],&quot;marker_view&quot;:&quot;numbers&quot;,&quot;no_headings_message&quot;:&quot;No headings were found on this page.&quot;,&quot;minimize_box&quot;:&quot;yes&quot;,&quot;minimized_on&quot;:&quot;tablet&quot;,&quot;hierarchical_view&quot;:&quot;yes&quot;,&quot;min_height&quot;:{&quot;unit&quot;:&quot;px&quot;,&quot;size&quot;:&quot;&quot;,&quot;sizes&quot;:[]},&quot;min_height_tablet&quot;:{&quot;unit&quot;:&quot;px&quot;,&quot;size&quot;:&quot;&quot;,&quot;sizes&quot;:[]},&quot;min_height_mobile&quot;:{&quot;unit&quot;:&quot;px&quot;,&quot;size&quot;:&quot;&quot;,&quot;sizes&quot;:[]}}\" data-widget_type=\"table-of-contents.default\">\n\t\t\t\t<div class=\"elementor-widget-container\">\n\t\t\t\t\t\t\t<div class=\"elementor-toc__header\">\n\t\t\t<h4 class=\"elementor-toc__header-title\">\n\t\t\t\tTabla de contenidos\t\t\t<\/h4>\n\t\t\t\t\t\t\t<div class=\"elementor-toc__toggle-button elementor-toc__toggle-button--expand\" role=\"button\" tabindex=\"0\" aria-controls=\"elementor-toc__d2359fe\" aria-expanded=\"true\" aria-label=\"Open table of contents\"><i aria-hidden=\"true\" class=\"fas fa-chevron-down\"><\/i><\/div>\n\t\t\t\t<div class=\"elementor-toc__toggle-button elementor-toc__toggle-button--collapse\" role=\"button\" tabindex=\"0\" aria-controls=\"elementor-toc__d2359fe\" aria-expanded=\"true\" aria-label=\"Close table of contents\"><i aria-hidden=\"true\" class=\"fas fa-chevron-up\"><\/i><\/div>\n\t\t\t\t\t<\/div>\n\t\t<div id=\"elementor-toc__d2359fe\" class=\"elementor-toc__body\">\n\t\t\t<div class=\"elementor-toc__spinner-container\">\n\t\t\t\t<i class=\"elementor-toc__spinner eicon-animation-spin eicon-loading\" aria-hidden=\"true\"><\/i>\t\t\t<\/div>\n\t\t<\/div>\n\t\t\t\t\t\t<\/div>\n\t\t\t\t<\/div>\n\t\t\t\t<div class=\"elementor-element elementor-element-f1e8491 elementor-widget elementor-widget-text-editor\" data-id=\"f1e8491\" data-element_type=\"widget\" data-widget_type=\"text-editor.default\">\n\t\t\t\t<div class=\"elementor-widget-container\">\n\t\t\t\t\t\t\t\t\t<h2>\u00bfCu\u00e1les son las disparidades raciales y \u00e9tnicas en el autismo?<\/h2><p>El autismo es una condici\u00f3n que afecta a personas de todas las razas, etnias y estatus, pero no todos tienen el mismo acceso a la <a href=\"https:\/\/www.texasabacenters.com\/es\/servicios-del-autismo\/\" target=\"_blank\" rel=\"noopener\"><strong>atenci\u00f3n y el apoyo<\/strong><\/a> que necesitan. Si bien se han logrado grandes avances en la comprensi\u00f3n y el tratamiento del trastorno del espectro autista (TEA), la diversidad racial en el autismo a\u00fan existe en la forma en que las familias de diferentes or\u00edgenes raciales y \u00e9tnicos acceden al diagn\u00f3stico, el tratamiento y el apoyo. Estas diferencias a menudo se derivan de una variedad de factores, incluido el acceso a la atenci\u00f3n m\u00e9dica, la comprensi\u00f3n cultural y las barreras socioecon\u00f3micas.<\/p><p>Y puede que te preguntes: \"\u00bfCu\u00e1les son las disparidades raciales y \u00e9tnicas en el autismo?\" Bueno, las familias de grupos minoritarios pueden enfrentar desaf\u00edos \u00fanicos cuando buscan atenci\u00f3n para el autismo para sus hijos. Las barreras ling\u00fc\u00edsticas, la desconfianza en el sistema sanitario y el acceso limitado a servicios especializados son solo algunos de los obst\u00e1culos que pueden encontrar.<\/p><p>En este blog de <strong>Texas ABA Centers<\/strong>, exploraremos los desaf\u00edos de la diversidad racial en la atenci\u00f3n del autismo, analizando las barreras sist\u00e9micas que a menudo enfrentan las comunidades minoritarias y la importancia de la intervenci\u00f3n temprana para todos en el espectro.<\/p><h2>Disparidades Raciales en el Diagn\u00f3stico y la Atenci\u00f3n del Autismo<\/h2><p>En este punto, sabemos que el autismo afecta a personas de todos los or\u00edgenes raciales, \u00e9tnicos y socioecon\u00f3micos, \u00bfverdad? Sin embargo, el cuidado y el apoyo que reciben los ni\u00f1os y las familias pueden variar significativamente en funci\u00f3n de estos factores. Las investigaciones muestran que los ni\u00f1os de grupos minoritarios, principalmente poblaciones negras, hispanas e ind\u00edgenas, tienen menos probabilidades de ser diagnosticados con autismo a una edad temprana en comparaci\u00f3n con sus contrapartes blancas.<\/p>\t\t\t\t\t\t\t\t<\/div>\n\t\t\t\t<\/div>\n\t\t\t\t\t<\/div>\n\t\t<\/div>\n\t\t\t\t\t<\/div>\n\t\t<\/section>\n\t\t\t\t<section class=\"elementor-section elementor-top-section elementor-element elementor-element-27796ee elementor-section-boxed elementor-section-height-default elementor-section-height-default\" data-id=\"27796ee\" data-element_type=\"section\">\n\t\t\t\t\t\t<div class=\"elementor-container elementor-column-gap-default\">\n\t\t\t\t\t<div class=\"elementor-column elementor-col-50 elementor-top-column elementor-element elementor-element-3e13a2c\" data-id=\"3e13a2c\" data-element_type=\"column\">\n\t\t\t<div class=\"elementor-widget-wrap elementor-element-populated\">\n\t\t\t\t\t\t<div class=\"elementor-element elementor-element-50d8768 elementor-widget elementor-widget-text-editor\" data-id=\"50d8768\" data-element_type=\"widget\" data-widget_type=\"text-editor.default\">\n\t\t\t\t<div class=\"elementor-widget-container\">\n\t\t\t\t\t\t\t\t\t<p>La<a href=\"https:\/\/www.ncbi.nlm.nih.gov\/pmc\/articles\/PMC2661453\/\" target=\"_blank\" rel=\"noopener\"> <strong>American Journal of Public Health<\/strong><\/a> analiz\u00f3 los registros de 2,568 ni\u00f1os en varios sitios que cumpl\u00edan con los criterios para el TEA a la edad de 8 a\u00f1os. Descubrieron que solo el 58% de estos ni\u00f1os ten\u00edan un diagn\u00f3stico documentado de TEA, y que los ni\u00f1os negros, hispanos o de otros grupos raciales\/\u00e9tnicos ten\u00edan significativamente menos probabilidades de tener un diagn\u00f3stico registrado en comparaci\u00f3n con los ni\u00f1os blancos.\u00a0<\/p>\t\t\t\t\t\t\t\t<\/div>\n\t\t\t\t<\/div>\n\t\t\t\t\t<\/div>\n\t\t<\/div>\n\t\t\t\t<div class=\"elementor-column elementor-col-50 elementor-top-column elementor-element elementor-element-d234296\" data-id=\"d234296\" data-element_type=\"column\">\n\t\t\t<div class=\"elementor-widget-wrap elementor-element-populated\">\n\t\t\t\t\t\t<div class=\"elementor-element elementor-element-dd9558f elementor-widget elementor-widget-image\" data-id=\"dd9558f\" data-element_type=\"widget\" data-widget_type=\"image.default\">\n\t\t\t\t<div class=\"elementor-widget-container\">\n\t\t\t\t\t\t\t\t\t\t\t\t\t\t\t<img fetchpriority=\"high\" decoding=\"async\" width=\"1024\" height=\"1024\" src=\"https:\/\/www.texasabacenters.com\/wp-content\/uploads\/Autism-Diagnosis-and-Care.jpg\" class=\"attachment-large size-large wp-image-1386\" alt=\"\" srcset=\"https:\/\/www.texasabacenters.com\/wp-content\/uploads\/Autism-Diagnosis-and-Care.jpg 1024w, https:\/\/www.texasabacenters.com\/wp-content\/uploads\/Autism-Diagnosis-and-Care-300x300.jpg 300w, https:\/\/www.texasabacenters.com\/wp-content\/uploads\/Autism-Diagnosis-and-Care-150x150.jpg 150w, https:\/\/www.texasabacenters.com\/wp-content\/uploads\/Autism-Diagnosis-and-Care-768x768.jpg 768w, https:\/\/www.texasabacenters.com\/wp-content\/uploads\/Autism-Diagnosis-and-Care-12x12.jpg 12w\" sizes=\"(max-width: 1024px) 100vw, 1024px\" title=\"\">\t\t\t\t\t\t\t\t\t\t\t\t\t\t\t<\/div>\n\t\t\t\t<\/div>\n\t\t\t\t\t<\/div>\n\t\t<\/div>\n\t\t\t\t\t<\/div>\n\t\t<\/section>\n\t\t\t\t<section class=\"elementor-section elementor-top-section elementor-element elementor-element-ad77449 elementor-section-boxed elementor-section-height-default elementor-section-height-default\" data-id=\"ad77449\" data-element_type=\"section\">\n\t\t\t\t\t\t<div class=\"elementor-container elementor-column-gap-default\">\n\t\t\t\t\t<div class=\"elementor-column elementor-col-100 elementor-top-column elementor-element elementor-element-95e7621\" data-id=\"95e7621\" data-element_type=\"column\">\n\t\t\t<div class=\"elementor-widget-wrap elementor-element-populated\">\n\t\t\t\t\t\t<div class=\"elementor-element elementor-element-d866f46 elementor-widget elementor-widget-text-editor\" data-id=\"d866f46\" data-element_type=\"widget\" data-widget_type=\"text-editor.default\">\n\t\t\t\t<div class=\"elementor-widget-container\">\n\t\t\t\t\t\t\t\t\t<p>Incluso cuando se ajustaban factores como el sexo, el coeficiente intelectual, el peso al nacer y la educaci\u00f3n materna, los ni\u00f1os negros, independientemente del coeficiente intelectual, y los ni\u00f1os de otras etnias con coeficiente intelectual m\u00e1s bajos ten\u00edan menos probabilidades de ser reconocidos como TEA.<\/p><p>De hecho, un estudio de la <a href=\"https:\/\/publications.aap.org\/aapnews\/news\/13808\/Study-Black-children-s-autism-diagnosis-typically?autologincheck=redirected\" target=\"_blank\" rel=\"noopener\"><strong>American Academy of Pediatrics<\/strong><\/a> sugiere que los ni\u00f1os negros son, en promedio, diagnosticados tres a\u00f1os m\u00e1s tarde que los ni\u00f1os blancos. Este retraso en el diagn\u00f3stico puede significar un retraso en la intervenci\u00f3n, que es crucial para maximizar el potencial de desarrollo de un ni\u00f1o.<\/p><h2>Comprendiendo los Desaf\u00edos de la Diversidad Racial en la Atenci\u00f3n del Autismo<\/h2><p>Muchos factores influyen en las disparidades en la atenci\u00f3n del autismo para las comunidades africanas, hispanas, latinas y asi\u00e1ticas. Las familias de or\u00edgenes raciales y \u00e9tnicos diversos a menudo enfrentan barreras como:<\/p><p><strong>Acceso Limitado a la Atenci\u00f3n M\u00e9dica<\/strong>: Muchas comunidades minoritarias, especialmente aquellas en \u00e1reas rurales o de bajos ingresos, carecen de acceso a proveedores de atenci\u00f3n m\u00e9dica especializados en afecciones del neurodesarrollo como el TEA. Sin proximidad a los recursos, los primeros signos de autismo pueden pasar desapercibidos o ser malinterpretados por los profesionales de la salud, retrasando el diagn\u00f3stico.<\/p><p><strong>Barreras Culturales y Ling\u00fc\u00edsticas<\/strong>: En algunas comunidades, las percepciones culturales de los retrasos en el desarrollo pueden diferir, lo que lleva a dudar en la b\u00fasqueda de un diagn\u00f3stico. Las barreras ling\u00fc\u00edsticas tambi\u00e9n pueden dificultar la comunicaci\u00f3n con los proveedores de atenci\u00f3n m\u00e9dica, lo que da lugar a malentendidos sobre los s\u00edntomas o las opciones de tratamiento.<\/p><p><strong>Sesgo Impl\u00edcito en la Atenci\u00f3n M\u00e9dica<\/strong>: Como ya hemos demostrado, los ni\u00f1os de minor\u00edas a menudo son diagnosticados con autismo m\u00e1s tarde que sus contrapartes blancas. Es posible que los padres de minor\u00edas no siempre sientan que sus preocupaciones se toman tan en serio en la atenci\u00f3n m\u00e9dica y, seg\u00fan <a href=\"https:\/\/www.ncbi.nlm.nih.gov\/pmc\/articles\/PMC8012490\/\" target=\"_blank\" rel=\"noopener\"><strong>Frontiers in Psychiatry<\/strong><\/a><strong>,<\/strong> los proveedores de atenci\u00f3n m\u00e9dica pueden atribuir err\u00f3neamente los s\u00edntomas a problemas de comportamiento en lugar de afecciones del desarrollo neurol\u00f3gico.<\/p><p><strong>Barreras Financieras<\/strong>:  El costo de las evaluaciones diagn\u00f3sticas y los tratamientos para el autismo, como la terapia de An\u00e1lisis del Comportamiento Aplicado (ABA), puede ser exorbitante para las familias sin un seguro o sin apoyo financiero adecuados. Esta falta de ayuda financiera puede afectar de manera desproporcionada a las familias minoritarias, muchas de las cuales tienen m\u00e1s probabilidades de no tener seguro o tener un seguro insuficiente.<\/p><p>La <a href=\"https:\/\/link.springer.com\/article\/10.1007\/s10803-006-0314-8\" target=\"_blank\" rel=\"noopener\"><strong>Journal of Autism and Developmental Disorders<\/strong><\/a> encontr\u00f3 que, entre 406 ni\u00f1os elegibles para Medicaid, los ni\u00f1os afroamericanos ten\u00edan 2.6 veces menos probabilidades que los ni\u00f1os blancos de ser diagnosticados con autismo durante su primera visita al especialista. En cambio, los ni\u00f1os afroamericanos ten\u00edan m\u00e1s probabilidades de ser diagnosticados con afecciones como trastorno de adaptaci\u00f3n o trastorno de conducta.<\/p><h2>Navegando por la Diversidad Racial en la Atenci\u00f3n del Autismo<\/h2><p><img decoding=\"async\" class=\"alignnone wp-image-1387 size-large\" src=\"https:\/\/www.texasabacenters.com\/wp-content\/uploads\/Disparities-in-Autism-Diagnosis-1024x576.jpg\" alt=\"\" width=\"1024\" height=\"576\" title=\"\" srcset=\"https:\/\/www.texasabacenters.com\/wp-content\/uploads\/Disparities-in-Autism-Diagnosis-1024x576.jpg 1024w, https:\/\/www.texasabacenters.com\/wp-content\/uploads\/Disparities-in-Autism-Diagnosis-300x169.jpg 300w, https:\/\/www.texasabacenters.com\/wp-content\/uploads\/Disparities-in-Autism-Diagnosis-768x432.jpg 768w, https:\/\/www.texasabacenters.com\/wp-content\/uploads\/Disparities-in-Autism-Diagnosis-1536x864.jpg 1536w, https:\/\/www.texasabacenters.com\/wp-content\/uploads\/Disparities-in-Autism-Diagnosis-18x10.jpg 18w, https:\/\/www.texasabacenters.com\/wp-content\/uploads\/Disparities-in-Autism-Diagnosis.jpg 1920w\" sizes=\"(max-width: 1024px) 100vw, 1024px\" \/><\/p><p><strong>Abogar por la Detecci\u00f3n Temprana<\/strong>: <a href=\"https:\/\/www.texasabacenters.com\/es\/servicios-del-autismo\/intervencion-temprana\/\" target=\"_blank\" rel=\"noopener\"><strong>La intervenci\u00f3n temprana<\/strong><\/a> es fundamental para mejorar los resultados de los ni\u00f1os con autismo. Los pediatras recomiendan que todos los ni\u00f1os sean examinados para detectar retrasos en el desarrollo antes de los dos a\u00f1os. Si notas signos de autismo, como retraso en el habla, falta de contacto visual o comportamientos repetitivos, habla y aboga por una prueba de detecci\u00f3n de autismo.<\/p><p><strong>Busca Proveedores Culturalmente Competentes<\/strong>: Busca proveedores de atenci\u00f3n m\u00e9dica que comprendan tus necesidades culturales y ling\u00fc\u00edsticas. Muchas organizaciones ofrecen servicios biling\u00fces, y algunas comunidades cuentan con profesionales del autismo que se especializan en la atenci\u00f3n culturalmente competente. Si el idioma es una barrera, solicita servicios de interpretaci\u00f3n para garantizar una comunicaci\u00f3n clara.<\/p><p><strong>Aprovecha los Recursos de la Comunidad<\/strong>:  Muchas organizaciones locales ofrecen apoyo espec\u00edficamente para las familias minoritarias que lidian con el autismo. Estos pueden incluir programas de asistencia financiera, <a href=\"https:\/\/www.texasabacenters.com\/es\/blog\/grupos-de-apoyo-para-el-autismo-en-texas\/\" target=\"_blank\" rel=\"noopener\"><strong>grupos de apoyo<\/strong><\/a>, o recursos educativos en su idioma nativo. Los centros de salud comunitarios, las organizaciones sin fines de lucro y los grupos de defensa a menudo brindan servicios gratuitos o de bajo costo.<\/p><p><strong>Investiga las Opciones de Seguro y Ayuda Financiera<\/strong>: Si el costo de los servicios de diagn\u00f3stico o tratamiento es una preocupaci\u00f3n, investiga los programas financiados por el estado, Medicaid u organizaciones sin fines de lucro que puedan ayudar a cubrir los gastos. En algunos estados, <a href=\"https:\/\/www.hhs.texas.gov\/sites\/default\/files\/documents\/applied-behavior-flyer.pdf\" target=\"_blank\" rel=\"noopener\"><strong>Medicaid cubre la terapia ABA<\/strong><\/a>, y muchos centros de autismo ofrecen programas de ayuda financiera.<\/p>\t\t\t\t\t\t\t\t<\/div>\n\t\t\t\t<\/div>\n\t\t\t\t<div class=\"elementor-element elementor-element-edb7bdd elementor-align-center elementor-widget elementor-widget-button\" data-id=\"edb7bdd\" data-element_type=\"widget\" data-widget_type=\"button.default\">\n\t\t\t\t<div class=\"elementor-widget-container\">\n\t\t\t\t\t\t\t\t\t<div class=\"elementor-button-wrapper\">\n\t\t\t\t\t<a class=\"elementor-button elementor-button-link elementor-size-sm\" href=\"https:\/\/www.texasabacenters.com\/es\/blog\/cobertura-aba-en-texas\/\" target=\"_blank\">\n\t\t\t\t\t\t<span class=\"elementor-button-content-wrapper\">\n\t\t\t\t\t\t\t\t\t<span class=\"elementor-button-text\">M\u00e1s Informaci\u00f3n Sobre la Cobertura de Seguro ABA en Texas <\/span>\n\t\t\t\t\t<\/span>\n\t\t\t\t\t<\/a>\n\t\t\t\t<\/div>\n\t\t\t\t\t\t\t\t<\/div>\n\t\t\t\t<\/div>\n\t\t\t\t<div class=\"elementor-element elementor-element-082c3c1 elementor-widget elementor-widget-text-editor\" data-id=\"082c3c1\" data-element_type=\"widget\" data-widget_type=\"text-editor.default\">\n\t\t\t\t<div class=\"elementor-widget-container\">\n\t\t\t\t\t\t\t\t\t<p><strong>Ed\u00facate a ti Mismo y a tu Comunidad<\/strong>: Aumentar la aceptaci\u00f3n sobre el autismo dentro de tu comunidad puede ayudar a reducir el estigma y abrir m\u00e1s conversaciones sobre el diagn\u00f3stico y el tratamiento a tiempo. Compartir experiencias y conocimientos con otras personas puede empoderar a las familias para que busquen el apoyo que necesitan.<\/p><h2>Texas ABA Centers es el Principal Proveedor de Atenci\u00f3n para el Autismo<\/h2><p>Si bien todav\u00eda hay mucho trabajo por hacer para abordar las disparidades en la diversidad racial en la atenci\u00f3n del autismo, hay esperanza de progreso. Al reconocer las barreras que enfrentan las familias minoritarias e implementar estrategias para superarlas, podemos crear un sistema de atenci\u00f3n m\u00e9dica m\u00e1s equitativo. Este avance significa proporcionar una atenci\u00f3n culturalmente competente, aumentar el acceso a los servicios de intervenci\u00f3n temprana y fomentar una comprensi\u00f3n m\u00e1s inclusiva del autismo.<\/p><p>Para las familias que navegan por la atenci\u00f3n del autismo, es esencial buscar proveedores que comprendan estos desaf\u00edos y est\u00e9n comprometidos a brindar una atenci\u00f3n inclusiva. En <strong>Texas ABA Centers<\/strong>, estamos orgullosos de ser parte de la soluci\u00f3n, ayudando a garantizar que todos los ni\u00f1os, independientemente de su raza, etnia u origen, tengan la oportunidad de alcanzar su m\u00e1ximo potencial.<\/p><p>Si tienes inquietudes sobre el desarrollo de tu hijo o deseas obtener m\u00e1s informaci\u00f3n sobre el cuidado del autismo, <strong>Texas ABA Centers<\/strong> est\u00e1 aqu\u00ed para ayudarte. Ll\u00e1manos al <a href=\"tel:+18777715725\" target=\"_blank\" rel=\"noopener\">(877) 771-5725<\/a> o programa una consulta gratuita <a href=\"https:\/\/www.texasabacenters.com\/es\/contactanos\/\" target=\"_blank\" rel=\"noopener\"><strong>aqu\u00ed<\/strong><\/a>.<\/p><p>Juntos, podemos trabajar por un futuro mejor para todos los ni\u00f1os.<\/p>\t\t\t\t\t\t\t\t<\/div>\n\t\t\t\t<\/div>\n\t\t\t\t\t<\/div>\n\t\t<\/div>\n\t\t\t\t\t<\/div>\n\t\t<\/section>\n\t\t\t\t<\/div>","protected":false},"excerpt":{"rendered":"<p>Autism is a condition that affects individuals of every race, ethnicity, and status background, but not everyone has equal access to the care and support they need. While great strides have been made in understanding and treating autism spectrum disorder (ASD), racial diversity in autism still exists in how families from different racial and ethnic backgrounds access diagnosis, treatment, and support. These differences often stem from a variety of factors, including access to healthcare, cultural understanding, and socioeconomic barriers.<\/p>","protected":false},"author":16,"featured_media":1388,"comment_status":"closed","ping_status":"open","sticky":false,"template":"","format":"standard","meta":{"site-sidebar-layout":"default","site-content-layout":"","ast-site-content-layout":"default","site-content-style":"default","site-sidebar-style":"default","ast-global-header-display":"","ast-banner-title-visibility":"","ast-main-header-display":"","ast-hfb-above-header-display":"","ast-hfb-below-header-display":"","ast-hfb-mobile-header-display":"","site-post-title":"","ast-breadcrumbs-content":"","ast-featured-img":"","footer-sml-layout":"","theme-transparent-header-meta":"","adv-header-id-meta":"","stick-header-meta":"","header-above-stick-meta":"","header-main-stick-meta":"","header-below-stick-meta":"","astra-migrate-meta-layouts":"set","ast-page-background-enabled":"default","ast-page-background-meta":{"desktop":{"background-color":"","background-image":"","background-repeat":"repeat","background-position":"center center","background-size":"auto","background-attachment":"scroll","background-type":"","background-media":"","overlay-type":"","overlay-color":"","overlay-opacity":"","overlay-gradient":""},"tablet":{"background-color":"","background-image":"","background-repeat":"repeat","background-position":"center center","background-size":"auto","background-attachment":"scroll","background-type":"","background-media":"","overlay-type":"","overlay-color":"","overlay-opacity":"","overlay-gradient":""},"mobile":{"background-color":"","background-image":"","background-repeat":"repeat","background-position":"center center","background-size":"auto","background-attachment":"scroll","background-type":"","background-media":"","overlay-type":"","overlay-color":"","overlay-opacity":"","overlay-gradient":""}},"ast-content-background-meta":{"desktop":{"background-color":"var(--ast-global-color-5)","background-image":"","background-repeat":"repeat","background-position":"center center","background-size":"auto","background-attachment":"scroll","background-type":"","background-media":"","overlay-type":"","overlay-color":"","overlay-opacity":"","overlay-gradient":""},"tablet":{"background-color":"var(--ast-global-color-5)","background-image":"","background-repeat":"repeat","background-position":"center center","background-size":"auto","background-attachment":"scroll","background-type":"","background-media":"","overlay-type":"","overlay-color":"","overlay-opacity":"","overlay-gradient":""},"mobile":{"background-color":"var(--ast-global-color-5)","background-image":"","background-repeat":"repeat","background-position":"center center","background-size":"auto","background-attachment":"scroll","background-type":"","background-media":"","overlay-type":"","overlay-color":"","overlay-opacity":"","overlay-gradient":""}},"footnotes":""},"categories":[17],"tags":[109,26,44,42,20],"class_list":["post-1385","post","type-post","status-publish","format-standard","has-post-thumbnail","hentry","category-blog","tag-racial-diversity-in-autism-care","tag-aba-therapy","tag-autism-diagnosis","tag-early-intervention","tag-texas-aba-centers"],"_links":{"self":[{"href":"https:\/\/www.texasabacenters.com\/es\/wp-json\/wp\/v2\/posts\/1385","targetHints":{"allow":["GET"]}}],"collection":[{"href":"https:\/\/www.texasabacenters.com\/es\/wp-json\/wp\/v2\/posts"}],"about":[{"href":"https:\/\/www.texasabacenters.com\/es\/wp-json\/wp\/v2\/types\/post"}],"author":[{"embeddable":true,"href":"https:\/\/www.texasabacenters.com\/es\/wp-json\/wp\/v2\/users\/16"}],"replies":[{"embeddable":true,"href":"https:\/\/www.texasabacenters.com\/es\/wp-json\/wp\/v2\/comments?post=1385"}],"version-history":[{"count":0,"href":"https:\/\/www.texasabacenters.com\/es\/wp-json\/wp\/v2\/posts\/1385\/revisions"}],"wp:featuredmedia":[{"embeddable":true,"href":"https:\/\/www.texasabacenters.com\/es\/wp-json\/wp\/v2\/media\/1388"}],"wp:attachment":[{"href":"https:\/\/www.texasabacenters.com\/es\/wp-json\/wp\/v2\/media?parent=1385"}],"wp:term":[{"taxonomy":"category","embeddable":true,"href":"https:\/\/www.texasabacenters.com\/es\/wp-json\/wp\/v2\/categories?post=1385"},{"taxonomy":"post_tag","embeddable":true,"href":"https:\/\/www.texasabacenters.com\/es\/wp-json\/wp\/v2\/tags?post=1385"}],"curies":[{"name":"wp","href":"https:\/\/api.w.org\/{rel}","templated":true}]}}